{"id":2340,"date":"2023-09-13T11:21:21","date_gmt":"2023-09-13T14:21:21","guid":{"rendered":"https:\/\/jeffersonisac.adv.br\/index.php\/2023\/09\/13\/comissao-especial-analisa-parecer-sobre-proposta-que-anistia-partidos-politicos-com-irregularidades\/"},"modified":"2023-09-13T11:21:21","modified_gmt":"2023-09-13T14:21:21","slug":"comissao-especial-analisa-parecer-sobre-proposta-que-anistia-partidos-politicos-com-irregularidades","status":"publish","type":"post","link":"https:\/\/jeffersonisac.adv.br\/index.php\/2023\/09\/13\/comissao-especial-analisa-parecer-sobre-proposta-que-anistia-partidos-politicos-com-irregularidades\/","title":{"rendered":"Comiss\u00e3o especial analisa parecer sobre proposta que anistia partidos pol\u00edticos com irregularidades"},"content":{"rendered":"<div class=\"image-container\">\n<div class=\"midia-creditos\"><em>Zeca Ribeiro \/ C\u00e2mara dos Deputados<\/em><\/div>\n<div class=\"media-wrapper\"><\/div>\n<div class=\"midia-legenda\">Reuni\u00e3o da comiss\u00e3o especial<\/div>\n<\/div>\n<p>A <span class=\"termoGlossario\">Comiss\u00e3o Especial<\/span> sobre a Cota M\u00ednima de Recursos dos Partidos re\u00fane-se nesta quarta-feira (13) para discuss\u00e3o e vota\u00e7\u00e3o do parecer do relator, deputado Antonio Carlos Rodrigues (PL-SP).<\/p>\n<p>O colegiado analisa a <a class=\"linkProposicao\" href=\"https:\/\/www.camara.leg.br\/noticias\/948808-pec-estabelece-marco-inicial-para-sancao-por-descumprimento-de-cota-de-candidatura-feminina\">Proposta de Emenda \u00e0 Constitui\u00e7\u00e3o (PEC) 9\/23<\/a>, que pro\u00edbe a aplica\u00e7\u00e3o de san\u00e7\u00f5es a partidos pol\u00edticos que n\u00e3o cumpriram cotas de sexo ou ra\u00e7a nas \u00faltimas elei\u00e7\u00f5es. A PEC tamb\u00e9m anistia legendas com irregularidades em presta\u00e7\u00f5es de contas.<\/p>\n<p>De acordo com o texto, n\u00e3o ser\u00e3o aplicadas san\u00e7\u00f5es, inclusive multas ou suspens\u00e3o do Fundo Partid\u00e1rio e do Fundo Especial de Financiamento de Campanha, aos partidos que n\u00e3o preencheram a cota m\u00ednima de recursos em raz\u00e3o de sexo e ra\u00e7a nas elei\u00e7\u00f5es de 2022 e anteriores.<\/p>\n<p>A reuni\u00e3o est\u00e1 marcada para as 14 horas, no plen\u00e1rio 6.<\/p>\n<p><a href=\"https:\/\/www.camara.leg.br\/evento-legislativo\/69881\">Confira a pauta da reuni\u00e3o<\/a><\/p>\n<p>Ap\u00f3s a vota\u00e7\u00e3o na comiss\u00e3o especial, a PEC ainda precisa ser analisada pelo Plen\u00e1rio da C\u00e2mara, antes de seguir para o Senado.<\/p>\n<p><a href=\"https:\/\/www.camara.leg.br\/noticias\/573448-saiba-mais-sobre-a-tramitacao-de-pecs\/\">Saiba mais sobre a tramita\u00e7\u00e3o de propostas de emenda \u00e0 Constitui\u00e7\u00e3o<\/a><\/p>","protected":false},"excerpt":{"rendered":"<p>Zeca Ribeiro \/ C\u00e2mara dos Deputados Reuni\u00e3o da comiss\u00e3o especial A Comiss\u00e3o Especial sobre a Cota M\u00ednima de Recursos dos Partidos re\u00fane-se nesta quarta-feira (13) para discuss\u00e3o e vota\u00e7\u00e3o do parecer do relator, deputado Antonio Carlos Rodrigues (PL-SP). O colegiado analisa a Proposta de Emenda \u00e0 Constitui\u00e7\u00e3o (PEC) 9\/23, que pro\u00edbe a aplica\u00e7\u00e3o de san\u00e7\u00f5es [&hellip;]<\/p>\n","protected":false},"author":0,"featured_media":0,"comment_status":"open","ping_status":"open","sticky":false,"template":"","format":"standard","meta":{"footnotes":""},"categories":[1],"tags":[],"_links":{"self":[{"href":"https:\/\/jeffersonisac.adv.br\/index.php\/wp-json\/wp\/v2\/posts\/2340"}],"collection":[{"href":"https:\/\/jeffersonisac.adv.br\/index.php\/wp-json\/wp\/v2\/posts"}],"about":[{"href":"https:\/\/jeffersonisac.adv.br\/index.php\/wp-json\/wp\/v2\/types\/post"}],"replies":[{"embeddable":true,"href":"https:\/\/jeffersonisac.adv.br\/index.php\/wp-json\/wp\/v2\/comments?post=2340"}],"version-history":[{"count":0,"href":"https:\/\/jeffersonisac.adv.br\/index.php\/wp-json\/wp\/v2\/posts\/2340\/revisions"}],"wp:attachment":[{"href":"https:\/\/jeffersonisac.adv.br\/index.php\/wp-json\/wp\/v2\/media?parent=2340"}],"wp:term":[{"taxonomy":"category","embeddable":true,"href":"https:\/\/jeffersonisac.adv.br\/index.php\/wp-json\/wp\/v2\/categories?post=2340"},{"taxonomy":"post_tag","embeddable":true,"href":"https:\/\/jeffersonisac.adv.br\/index.php\/wp-json\/wp\/v2\/tags?post=2340"}],"curies":[{"name":"wp","href":"https:\/\/api.w.org\/{rel}","templated":true}]}}