{"id":2355,"date":"2023-09-13T17:47:02","date_gmt":"2023-09-13T20:47:02","guid":{"rendered":"https:\/\/jeffersonisac.adv.br\/index.php\/2023\/09\/13\/pais-deve-retomar-projetos-de-hidreletricas-com-reservatorios-apontam-especialistas\/"},"modified":"2023-09-13T17:47:02","modified_gmt":"2023-09-13T20:47:02","slug":"pais-deve-retomar-projetos-de-hidreletricas-com-reservatorios-apontam-especialistas","status":"publish","type":"post","link":"https:\/\/jeffersonisac.adv.br\/index.php\/2023\/09\/13\/pais-deve-retomar-projetos-de-hidreletricas-com-reservatorios-apontam-especialistas\/","title":{"rendered":"Pa\u00eds deve retomar projetos de hidrel\u00e9tricas com reservat\u00f3rios, apontam especialistas"},"content":{"rendered":"<div class=\"image-container\">\n<div class=\"midia-creditos\"><em>Vinicius Loures\/C\u00e2mara dos Deputados<\/em><\/div>\n<div class=\"media-wrapper\"><\/div>\n<div class=\"midia-legenda\">Audi\u00eancia p\u00fablica da Comiss\u00e3o de Minas e Energia para debater o tema<\/div>\n<\/div>\n<p>Em tempos de mudan\u00e7a clim\u00e1tica, o Brasil precisa retomar a constru\u00e7\u00e3o de usinas hidrel\u00e9tricas com grandes reservat\u00f3rios de \u00e1gua. Entre outros benef\u00edcios, os lagos garantem a oferta de energia firme e limpa, e ainda podem ser usados para o controle de cheias.\u00a0A avalia\u00e7\u00e3o foi feita por representantes do governo e do setor el\u00e9trico ouvidos nesta quarta-feira (13) na Comiss\u00e3o de Minas e Energia da C\u00e2mara dos Deputados.<\/p>\n<p>O debate foi proposto pelo deputado Geraldo Mendes (Uni\u00e3o-PR). Para ele, \u00e9 preciso vencer o discurso de que os reservat\u00f3rios das usinas hidrel\u00e9tricas prejudicam o meio ambiente.<\/p>\n<p>\u201c\u00c9 um grande equivoco que o \u2018usineiro\u2019 n\u00e3o tem responsabilidade ambiental. Pelo contr\u00e1rio, n\u00f3s somos os maiores preservadores ambientais do mundo para poder ter uma boa qualidade de produ\u00e7\u00e3o de energia\u201d, disse Mendes.<\/p>\n<p><strong>Crescimento<br \/>\n<\/strong>De acordo com a Ag\u00eancia Nacional de Energia El\u00e9trica (Aneel), a \u00faltima usina com reservat\u00f3rio significativo que entrou no sistema el\u00e9trico foi a de Serra da Mesa, em 1998. Depois o Pa\u00eds priorizou usinas a fio d\u2019\u00e1gua, que geram energia apenas com o fluxo de \u00e1gua natural do rio, sem ocorrer o armazenamento em grandes lagos.<\/p>\n<p>\u201cO sistema aumentou, cresceu, a demanda cresceu, mas a nossa capacidade de armazenar energia, na forma de reservat\u00f3rio, n\u00e3o evoluiu\u201d, disse o presidente executivo da Associa\u00e7\u00e3o Brasileira de Gera\u00e7\u00e3o de Energia Limpa (Abragel), Charles Lenzi.<\/p>\n<p>Segundo ele, os reservat\u00f3rios de acumula\u00e7\u00e3o podem ajudar o Pa\u00eds a cumprir as metas de descarboniza\u00e7\u00e3o assumidas em acordos internacionais.<\/p>\n<div class=\"image-container\">\n<div class=\"midia-creditos\"><em>Gilmar F\u00e9lix \/ C\u00e2mara dos Deputados<\/em><\/div>\n<div class=\"media-wrapper\"><\/div>\n<div class=\"midia-legenda\">Charles Lenzi: capacidade de armazenar energia, na forma de reservat\u00f3rio n\u00e3o evoluiu<\/div>\n<\/div>\n<p><strong>Comunica\u00e7\u00e3o<br \/>\n<\/strong>A superintendente de Concess\u00f5es, Permiss\u00f5es e Autoriza\u00e7\u00f5es dos Servi\u00e7os de Energia El\u00e9trica (SCE) da Aneel, Ludimila Lima da Silva, afirmou que o n\u00famero de projetos para constru\u00e7\u00e3o de hidrel\u00e9tricas vem caindo no Brasil. \u201cAs empresas do setor n\u00e3o t\u00eam demonstrando interesse nem sequer em estudar esses aproveitamentos [h\u00eddricos]. \u00c9 um cen\u00e1rio futuro de diminui\u00e7\u00e3o do n\u00famero de outorgas\u201d, disse.<\/p>\n<p>Ela apontou m\u00faltiplos fatores, como quest\u00f5es ambientais e o excesso de ofertas de outras fontes. Silva disse ainda que o setor precisa melhorar a sua comunica\u00e7\u00e3o com a sociedade sobre o papel das usinas hidrel\u00e9tricas no suprimento nacional.<\/p>\n<p>A presidente da Associa\u00e7\u00e3o Brasileira de Centrais Geradoras Hidrel\u00e9tricas e Pequenas Centrais Hidrel\u00e9tricas (Abrapch), Alessandra Torres, fez a mesma avalia\u00e7\u00e3o. Segundo ela, \u00e9 preciso ainda descontruir a ideia de que as hidrel\u00e9tricas prejudicam o meio ambiente. \u201cPrecisamos consertar o discurso de demoniza\u00e7\u00e3o ambiental de parte da sociedade\u201d, afirmou.<\/p>\n<p>De acordo com a diretora do Departamento de Planejamento e Outorgas de Gera\u00e7\u00e3o de Energia El\u00e9trica do Minist\u00e9rio de Minas e Energia, Christiany Salgado Faria, o potencial a ser explorado de gera\u00e7\u00e3o h\u00eddrica chega a 52 gigawatts, o equivalente a quase quatro Itaipus. Dessas, 77% est\u00e3o localizadas em \u00e1reas protegidas, como unidades de conserva\u00e7\u00e3o.<\/p>\n<p>Para ela, a instala\u00e7\u00e3o de novos empreendimentos deve passar pelo debate com outros atores. \u201cNovos reservat\u00f3rios n\u00e3o t\u00eam que ser focados s\u00f3 na gera\u00e7\u00e3o de energia el\u00e9trica. A gente tem que sentar com outros atores e pensar nos usos m\u00faltiplos\u201d, afirmou.<\/p>","protected":false},"excerpt":{"rendered":"<p>Vinicius Loures\/C\u00e2mara dos Deputados Audi\u00eancia p\u00fablica da Comiss\u00e3o de Minas e Energia para debater o tema Em tempos de mudan\u00e7a clim\u00e1tica, o Brasil precisa retomar a constru\u00e7\u00e3o de usinas hidrel\u00e9tricas com grandes reservat\u00f3rios de \u00e1gua. Entre outros benef\u00edcios, os lagos garantem a oferta de energia firme e limpa, e ainda podem ser usados para o [&hellip;]<\/p>\n","protected":false},"author":0,"featured_media":0,"comment_status":"open","ping_status":"open","sticky":false,"template":"","format":"standard","meta":{"footnotes":""},"categories":[1],"tags":[],"_links":{"self":[{"href":"https:\/\/jeffersonisac.adv.br\/index.php\/wp-json\/wp\/v2\/posts\/2355"}],"collection":[{"href":"https:\/\/jeffersonisac.adv.br\/index.php\/wp-json\/wp\/v2\/posts"}],"about":[{"href":"https:\/\/jeffersonisac.adv.br\/index.php\/wp-json\/wp\/v2\/types\/post"}],"replies":[{"embeddable":true,"href":"https:\/\/jeffersonisac.adv.br\/index.php\/wp-json\/wp\/v2\/comments?post=2355"}],"version-history":[{"count":0,"href":"https:\/\/jeffersonisac.adv.br\/index.php\/wp-json\/wp\/v2\/posts\/2355\/revisions"}],"wp:attachment":[{"href":"https:\/\/jeffersonisac.adv.br\/index.php\/wp-json\/wp\/v2\/media?parent=2355"}],"wp:term":[{"taxonomy":"category","embeddable":true,"href":"https:\/\/jeffersonisac.adv.br\/index.php\/wp-json\/wp\/v2\/categories?post=2355"},{"taxonomy":"post_tag","embeddable":true,"href":"https:\/\/jeffersonisac.adv.br\/index.php\/wp-json\/wp\/v2\/tags?post=2355"}],"curies":[{"name":"wp","href":"https:\/\/api.w.org\/{rel}","templated":true}]}}