{"id":2357,"date":"2023-09-13T19:56:47","date_gmt":"2023-09-13T22:56:47","guid":{"rendered":"https:\/\/jeffersonisac.adv.br\/index.php\/2023\/09\/13\/comissao-aprova-projeto-que-permite-a-divulgacao-de-nomes-e-imagens-invesigados-em-algumas-circunstancias\/"},"modified":"2023-09-13T19:56:47","modified_gmt":"2023-09-13T22:56:47","slug":"comissao-aprova-projeto-que-permite-a-divulgacao-de-nomes-e-imagens-invesigados-em-algumas-circunstancias","status":"publish","type":"post","link":"https:\/\/jeffersonisac.adv.br\/index.php\/2023\/09\/13\/comissao-aprova-projeto-que-permite-a-divulgacao-de-nomes-e-imagens-invesigados-em-algumas-circunstancias\/","title":{"rendered":"Comiss\u00e3o aprova projeto que permite a divulga\u00e7\u00e3o de nomes e imagens invesigados em algumas circunst\u00e2ncias"},"content":{"rendered":"<div class=\"image-container\">\n<div class=\"midia-creditos\"><em>Vinicius Loures\/C\u00e2mara dos Deputados<\/em><\/div>\n<div class=\"media-wrapper\"><\/div>\n<div class=\"midia-legenda\">Pedro Aihara: divulga\u00e7\u00e3o pode ser ferramenta eficaz<\/div>\n<\/div>\n<p>A Comiss\u00e3o de Seguran\u00e7a P\u00fablica da C\u00e2mara dos Deputados aprovou o <a class=\"linkProposicao\" href=\"https:\/\/www.camara.leg.br\/noticias\/964234-projeto-lista-condutas-do-ministerio-publico-e-da-autoridade-policial-que-nao-serao-consideradas-atos-ilicitos\">Projeto de Lei 1225\/23<\/a>, que define um conjunto de situa\u00e7\u00f5es em que \u00e9 permitida a divulga\u00e7\u00e3o de nomes ou a exposi\u00e7\u00e3o de imagens de investigados, acusados ou r\u00e9us.<\/p>\n<p>O relator, deputado Pedro Aihara (Patriota-MG), recomendou a aprova\u00e7\u00e3o. \u201cA divulga\u00e7\u00e3o de nomes e imagens de investigados, acusados ou r\u00e9us em certos contextos n\u00e3o constitui, por si s\u00f3, abuso de autoridade. Quando feita de forma adequada e dentro dos par\u00e2metros legais, pode ser ferramenta eficaz\u201d, disse.<\/p>\n<p>Pelo texto, n\u00e3o configurar\u00e3o infra\u00e7\u00f5es as eventuais condutas do Minist\u00e9rio P\u00fablico ou aquelas conduzidas por uma autoridade policial em casos de:<\/p>\n<p>\u00a0divulga\u00e7\u00e3o de car\u00e1ter informativo ou educativo, em meios de comunica\u00e7\u00e3o e redes sociais, de a\u00e7\u00f5es, procedimentos e atos relativos a fun\u00e7\u00f5es institucionais;<br \/>\nnarrativa t\u00e9cnica a ve\u00edculos de informa\u00e7\u00e3o de dilig\u00eancias alcan\u00e7adas a partir de elementos de prova em expediente investigat\u00f3rio regularmente instaurado;<br \/>\nexposi\u00e7\u00e3o ou utiliza\u00e7\u00e3o da imagem de pessoa se necess\u00e1ria \u00e0 administra\u00e7\u00e3o da justi\u00e7a ou \u00e0 manuten\u00e7\u00e3o da ordem p\u00fablica;<br \/>\nsimples divulga\u00e7\u00e3o de nome, fotografia ou qualquer dado da identidade do investigado, sem antecipa\u00e7\u00e3o ou atribui\u00e7\u00e3o de culpa, mesmo durante o curso da investiga\u00e7\u00e3o criminal;<br \/>\ndivulga\u00e7\u00e3o de grava\u00e7\u00e3o de \u00e1udio, m\u00eddia, ou qualquer direito protegido por cl\u00e1usula judicial constitucional, quando a difus\u00e3o for autorizada pela Justi\u00e7a.<\/p>\n<p>\u201cPrevenir e combater o abuso de autoridade \u00e9 um objetivo nos dias atuais\u201d, disse o autor da proposta, deputado Delegado Fabio Costa (PP-AL). \u201cEssa empreitada, por\u00e9m, n\u00e3o pode ser subterf\u00fagio para a obstru\u00e7\u00e3o das fun\u00e7\u00f5es do Minist\u00e9rio P\u00fablico e das autoridades policiais\u201d, continuou ele, ao defender as mudan\u00e7as.<\/p>\n<p><strong>Tramita\u00e7\u00e3o<\/strong><br \/>\nO projeto tramita em <span class=\"termoGlossario\">car\u00e1ter conclusivo<\/span>\u00a0 e ainda ser\u00e1 analisado pela Comiss\u00e3o de Constitui\u00e7\u00e3o e Justi\u00e7a e de Cidadania.<\/p>\n<p><a href=\"https:\/\/www.camara.leg.br\/noticias\/573454-SAIBA-MAIS-SOBRE-A-TRAMITACAO-DE-PROJETOS-DE-LEI\">Saiba mais sobre a tramita\u00e7\u00e3o de projetos de lei<\/a><\/p>","protected":false},"excerpt":{"rendered":"<p>Vinicius Loures\/C\u00e2mara dos Deputados Pedro Aihara: divulga\u00e7\u00e3o pode ser ferramenta eficaz A Comiss\u00e3o de Seguran\u00e7a P\u00fablica da C\u00e2mara dos Deputados aprovou o Projeto de Lei 1225\/23, que define um conjunto de situa\u00e7\u00f5es em que \u00e9 permitida a divulga\u00e7\u00e3o de nomes ou a exposi\u00e7\u00e3o de imagens de investigados, acusados ou r\u00e9us. O relator, deputado Pedro Aihara [&hellip;]<\/p>\n","protected":false},"author":0,"featured_media":0,"comment_status":"open","ping_status":"open","sticky":false,"template":"","format":"standard","meta":{"footnotes":""},"categories":[1],"tags":[],"_links":{"self":[{"href":"https:\/\/jeffersonisac.adv.br\/index.php\/wp-json\/wp\/v2\/posts\/2357"}],"collection":[{"href":"https:\/\/jeffersonisac.adv.br\/index.php\/wp-json\/wp\/v2\/posts"}],"about":[{"href":"https:\/\/jeffersonisac.adv.br\/index.php\/wp-json\/wp\/v2\/types\/post"}],"replies":[{"embeddable":true,"href":"https:\/\/jeffersonisac.adv.br\/index.php\/wp-json\/wp\/v2\/comments?post=2357"}],"version-history":[{"count":0,"href":"https:\/\/jeffersonisac.adv.br\/index.php\/wp-json\/wp\/v2\/posts\/2357\/revisions"}],"wp:attachment":[{"href":"https:\/\/jeffersonisac.adv.br\/index.php\/wp-json\/wp\/v2\/media?parent=2357"}],"wp:term":[{"taxonomy":"category","embeddable":true,"href":"https:\/\/jeffersonisac.adv.br\/index.php\/wp-json\/wp\/v2\/categories?post=2357"},{"taxonomy":"post_tag","embeddable":true,"href":"https:\/\/jeffersonisac.adv.br\/index.php\/wp-json\/wp\/v2\/tags?post=2357"}],"curies":[{"name":"wp","href":"https:\/\/api.w.org\/{rel}","templated":true}]}}