{"id":2363,"date":"2023-09-13T21:48:37","date_gmt":"2023-09-14T00:48:37","guid":{"rendered":"https:\/\/jeffersonisac.adv.br\/index.php\/2023\/09\/13\/nisia-trindade-rebate-polemicas-e-detalha-investimentos-do-novo-pac-na-saude\/"},"modified":"2023-09-13T21:48:37","modified_gmt":"2023-09-14T00:48:37","slug":"nisia-trindade-rebate-polemicas-e-detalha-investimentos-do-novo-pac-na-saude","status":"publish","type":"post","link":"https:\/\/jeffersonisac.adv.br\/index.php\/2023\/09\/13\/nisia-trindade-rebate-polemicas-e-detalha-investimentos-do-novo-pac-na-saude\/","title":{"rendered":"N\u00edsia Trindade rebate pol\u00eamicas e detalha investimentos do novo PAC na Sa\u00fade"},"content":{"rendered":"<div class=\"image-container\">\n<div class=\"midia-creditos\"><em>Julia Padro \/ C\u00e2mara dos Deputados<\/em><\/div>\n<div class=\"media-wrapper\"><\/div>\n<div class=\"midia-legenda\">N\u00edsia Trindade (C): temas foram sugeridos em Confer\u00eancia Nacional de Sa\u00fade<\/div>\n<\/div>\n<p>A ministra da Sa\u00fade, N\u00edsia Trindade, rebateu uma s\u00e9rie de pol\u00eamicas com a oposi\u00e7\u00e3o ao governo federal e detalhou os investimentos na \u00e1rea dentro do novo Programa de Acelera\u00e7\u00e3o do Crescimento (PAC). Com a convoca\u00e7\u00e3o transformada em convite, N\u00edsia participou nesta quarta-feira (13) de audi\u00eancia conjunta das Comiss\u00f5es de Sa\u00fade e de Previd\u00eancia da C\u00e2mara dos Deputados solicitada por v\u00e1rios parlamentares cr\u00edticos da atual gest\u00e3o.<\/p>\n<p>O deputado Osmar Terra (MDB-RS), por exemplo, questionou a cria\u00e7\u00e3o de um grupo de trabalho interministerial para analisar desinforma\u00e7\u00f5es publicadas em redes sociais por m\u00e9dicos e outros profissionais de sa\u00fade, sobretudo em rela\u00e7\u00e3o a vacinas. \u201cEu nunca tinha visto amea\u00e7as a profissionais que n\u00e3o concordam com a opini\u00e3o do minist\u00e9rio. E botar o Minist\u00e9rio da Justi\u00e7a e Seguran\u00e7a P\u00fablica e a AGU em cima \u00e9 para intimidar os profissionais\u201d.<\/p>\n<p>N\u00edsia Trindade reafirmou que o combate \u00e0s fakenews \u00e9 um dos desafios de comunica\u00e7\u00e3o do Minist\u00e9rio da Sa\u00fade. Ela esclareceu o tipo de desinforma\u00e7\u00e3o a ser superado. \u201cN\u00e3o se trata de d\u00favida ou mesmo de reproduzir conte\u00fado falso ou equivocado. Trata-se de sistematicamente e deliberadamente divulgar mentiras que t\u00eam efeitos negativos sobre a sa\u00fade e a vida das pessoas. Infelizmente, essas fakenews s\u00e3o propagadas pelas pessoas mais diversas, inclusive profissionais de sa\u00fade.\u201d<\/p>\n<div class=\"image-container\">\n<div class=\"midia-creditos\"><em>Julia Padro \/ C\u00e2mara dos Deputados<\/em><\/div>\n<div class=\"media-wrapper\"><\/div>\n<div class=\"midia-legenda\">Osmar Terra reclamou de &#8220;intimida\u00e7\u00e3o&#8221; a profissionais de sa\u00fade<\/div>\n<\/div>\n<p><strong>Confer\u00eancia<\/strong><br \/>\nAs deputadas Franciane Bayer (Republicanos-RS) e Priscila Costa (PL-CE) foram algumas das parlamentares que questionaram resolu\u00e7\u00f5es oriundas da 17\u00aa Confer\u00eancia Nacional de Sa\u00fade, realizada em junho. H\u00e1 refer\u00eancias, por exemplo, a \u201crevis\u00e3o da cartilha de pessoas trans\u201d e \u201credu\u00e7\u00e3o da idade de in\u00edcio de hormoniza\u00e7\u00e3o para 14 anos\u201d.<\/p>\n<p>O deputado Filipe Martins (PL-TO) citou outras pol\u00eamicas da resolu\u00e7\u00e3o. \u201cLegaliza\u00e7\u00e3o das drogas, legaliza\u00e7\u00e3o do aborto, separa as religi\u00f5es privilegiando apenas uma religi\u00e3o dentro da resolu\u00e7\u00e3o\u201d, enumerou.<\/p>\n<p>A ministra disse que a participa\u00e7\u00e3o da sociedade civil \u00e9 fundamental na atual gest\u00e3o e ressaltou que as sugest\u00f5es s\u00e3o sempre tratadas de acordo com a legisla\u00e7\u00e3o e o programa de governo. \u201cN\u00f3s tivemos recorde de participa\u00e7\u00e3o nessa confer\u00eancia, com muitos aportes positivos para o SUS e para as pol\u00edticas p\u00fablicas. N\u00f3s agiremos sempre observando a lei\u201d.<\/p>\n<p><strong>Emendas parlamentares<\/strong><br \/>\nN\u00edsia Trindade tamb\u00e9m rebateu cr\u00edticas sobre suposto atraso na libera\u00e7\u00e3o de recursos oriundos de emendas parlamentares. Segundo ela, j\u00e1 houve empenho de 76% das emendas e efetivo pagamento de 46%, com execu\u00e7\u00e3o bem superior a 2021, no governo passado.<\/p>\n<div class=\"image-container\">\n<div class=\"midia-creditos\"><em>Pablo Valadares\/C\u00e2mara dos Deputados<\/em><\/div>\n<div class=\"media-wrapper\"><\/div>\n<div class=\"midia-legenda\">Ana Paula Lima destacou atual protagonismo internacional do Brasil na Sa\u00fade<\/div>\n<\/div>\n<p><strong>PAC<\/strong><br \/>\nA ministra da Sa\u00fade fez quest\u00e3o de atualizar a chamada \u201cagenda positiva\u201d da pasta. Dentro do novo PAC, por exemplo, N\u00edsia Trindade prev\u00ea R$ 7,4 bilh\u00f5es de investimentos em aten\u00e7\u00e3o prim\u00e1ria at\u00e9 2026 e outros R$ 13,8 bilh\u00f5es em aten\u00e7\u00e3o especializada, que teve a pol\u00edtica nacional aprovada na semana passada.<\/p>\n<p>\u201cInclui aporte expressivo de R$ 30,5 bilh\u00f5es em todos os eixos de atua\u00e7\u00e3o do Minist\u00e9rio da Sa\u00fade, visando extens\u00e3o da aten\u00e7\u00e3o \u00e0 sa\u00fade, constru\u00e7\u00e3o de unidades b\u00e1sicas e universaliza\u00e7\u00e3o do SAMU\u201d.<\/p>\n<p>Entre outras a\u00e7\u00f5es em curso, N\u00edsia Trindade citou o incremento de R$ 86 milh\u00f5es no or\u00e7amento dos hospitais filantr\u00f3picos; a garantia de R$ 540 milh\u00f5es na Pol\u00edtica Nacional de Sa\u00fade da Pessoa com Defici\u00eancia, com foco nos centros de reabilita\u00e7\u00e3o; o apoio ao Rio Grande do Sul na recupera\u00e7\u00e3o das estruturas de sa\u00fade destru\u00eddas por enchentes e ciclones; e a reabertura de 321 leitos nos hospitais federais do Rio de Janeiro.<\/p>\n<p>A ministra ainda comemorou a <a class=\"linkLegislacao\" href=\"https:\/\/www2.camara.gov.br\/legin\/fed\/lei\/2023\/lei-14621-14-julho-2023-794437-norma-pl.html\">Lei 14.621\/23<\/a>, de amplia\u00e7\u00e3o do Programa Mais M\u00e9dicos, em vigor desde julho. Segundo ela, 13 mil novas vagas foram abertas neste ano, atingindo o n\u00famero recorde de 18,5 mil m\u00e9dicos em atua\u00e7\u00e3o em regi\u00f5es de maior vulnerabilidade. V\u00e1rios parlamentares \u2013 como Ana Paula Lima (PT-SC), S\u00e2mia Bomfim (Psol-SP) e Lula da Fonte (PP-PE) &#8211; elogiaram a atua\u00e7\u00e3o de N\u00edsia Trindade \u00e0 frente do Minist\u00e9rio da Sa\u00fade.<\/p>\n<p>Falando pela lideran\u00e7a do governo, a deputada Ana Paula Lima (PT-SC) destacou o atual protagonismo internacional do Brasil em temas de sa\u00fade. Ela lembrou que, de 18 a 25 de setembro, a ministra ser\u00e1 um dos destaques em reuni\u00f5es da ONU, em Nova Iorque, sobre prepara\u00e7\u00e3o e respostas a emerg\u00eancias e pandemias, acelera\u00e7\u00e3o de vacinas para tuberculose e cobertura universal de sa\u00fade.<\/p>","protected":false},"excerpt":{"rendered":"<p>Julia Padro \/ C\u00e2mara dos Deputados N\u00edsia Trindade (C): temas foram sugeridos em Confer\u00eancia Nacional de Sa\u00fade A ministra da Sa\u00fade, N\u00edsia Trindade, rebateu uma s\u00e9rie de pol\u00eamicas com a oposi\u00e7\u00e3o ao governo federal e detalhou os investimentos na \u00e1rea dentro do novo Programa de Acelera\u00e7\u00e3o do Crescimento (PAC). Com a convoca\u00e7\u00e3o transformada em convite, [&hellip;]<\/p>\n","protected":false},"author":0,"featured_media":0,"comment_status":"open","ping_status":"open","sticky":false,"template":"","format":"standard","meta":{"footnotes":""},"categories":[1],"tags":[],"_links":{"self":[{"href":"https:\/\/jeffersonisac.adv.br\/index.php\/wp-json\/wp\/v2\/posts\/2363"}],"collection":[{"href":"https:\/\/jeffersonisac.adv.br\/index.php\/wp-json\/wp\/v2\/posts"}],"about":[{"href":"https:\/\/jeffersonisac.adv.br\/index.php\/wp-json\/wp\/v2\/types\/post"}],"replies":[{"embeddable":true,"href":"https:\/\/jeffersonisac.adv.br\/index.php\/wp-json\/wp\/v2\/comments?post=2363"}],"version-history":[{"count":0,"href":"https:\/\/jeffersonisac.adv.br\/index.php\/wp-json\/wp\/v2\/posts\/2363\/revisions"}],"wp:attachment":[{"href":"https:\/\/jeffersonisac.adv.br\/index.php\/wp-json\/wp\/v2\/media?parent=2363"}],"wp:term":[{"taxonomy":"category","embeddable":true,"href":"https:\/\/jeffersonisac.adv.br\/index.php\/wp-json\/wp\/v2\/categories?post=2363"},{"taxonomy":"post_tag","embeddable":true,"href":"https:\/\/jeffersonisac.adv.br\/index.php\/wp-json\/wp\/v2\/tags?post=2363"}],"curies":[{"name":"wp","href":"https:\/\/api.w.org\/{rel}","templated":true}]}}