{"id":2371,"date":"2023-09-14T08:48:28","date_gmt":"2023-09-14T11:48:28","guid":{"rendered":"https:\/\/jeffersonisac.adv.br\/index.php\/2023\/09\/14\/ccj-aprova-assistencia-na-demissao-de-idosos-analfabetos\/"},"modified":"2023-09-14T08:48:28","modified_gmt":"2023-09-14T11:48:28","slug":"ccj-aprova-assistencia-na-demissao-de-idosos-analfabetos","status":"publish","type":"post","link":"https:\/\/jeffersonisac.adv.br\/index.php\/2023\/09\/14\/ccj-aprova-assistencia-na-demissao-de-idosos-analfabetos\/","title":{"rendered":"CCJ aprova assist\u00eancia na demiss\u00e3o de idosos analfabetos"},"content":{"rendered":"<div class=\"image-container\">\n<div class=\"midia-creditos\"><em>Bruno Spada\/C\u00e2mara dos Deputados<\/em><\/div>\n<div class=\"media-wrapper\"><\/div>\n<div class=\"midia-legenda\">Kim Kataguiri considera que projeto respeita &#8220;<span>princ\u00edpio da dignidade humana&#8221;<\/span><\/div>\n<\/div>\n<p><span>A Comiss\u00e3o de Constitui\u00e7\u00e3o e Justi\u00e7a e de Cidadania (CCJ) da C\u00e2mara dos Deputados aprovou, nesta quarta-feira (13), projeto que obriga a presta\u00e7\u00e3o de assist\u00eancia aos trabalhadores analfabetos com mais de 60 anos que forem demitidos.<\/span><\/p>\n<p><span>O texto prev\u00ea assist\u00eancia do sindicato, das superintend\u00eancias do Trabalho ou de \u00f3rg\u00e3o de representa\u00e7\u00e3o do Minist\u00e9rio do Trabalho no pedido de demiss\u00e3o ou recibo de quita\u00e7\u00e3o de rescis\u00e3o do contrato de trabalho do empregado que, no momento da sua contrata\u00e7\u00e3o, se declarou analfabeto e que, no momento da demiss\u00e3o, tenha mais de 60 anos de idade. <\/span><\/p>\n<p><span>O<\/span>\u00a0empregado poder\u00e1 optar livremente pela assist\u00eancia de qualquer desses \u00f3rg\u00e3os. A proposta ainda vai a Plen\u00e1rio.<\/p>\n<p><span>O relator, deputado Kim Kataguiri (Uni\u00e3o-SP), apresentou parecer favor\u00e1vel ao <span class=\"termoGlossario\">substitutivo<\/span> da Comiss\u00e3o de Trabalho ao Projeto de Lei 10467\/18, de autoria da <span class=\"termoGlossario\">Comiss\u00e3o de Legisla\u00e7\u00e3o Participativa<\/span>. Ele alterou apenas um item para estabelecer que o trabalhador tenha de, ao mesmo tempo, ser analfabeto e ter mais de 60 anos. O substitutivo previa assist\u00eancia ao empregado analfabeto ou maior de 60.\u00a0<\/span><\/p>\n<p><span>\u201cO projeto de lei caminha ao encontro do princ\u00edpio da dignidade humana ao prever tratamento diferenciado aos trabalhadores idosos e analfabetos, preservando a capacidade de compreender seus direitos e se posicionar sob os termos da rescis\u00e3o\u201d, afirma Kataguiri.\u00a0<\/span><\/p>\n<p><span><strong>Reforma trabalhista<\/strong><br \/>\nAntes da reforma trabalhista (<a class=\"linkLegislacao\" href=\"https:\/\/www2.camara.gov.br\/legin\/fed\/lei\/2017\/lei-13467-13-julho-2017-785204-norma-pl.html\">Lei 13.467\/17<\/a>), a CLT previa a assist\u00eancia do sindicato ou de autoridade do Minist\u00e9rio do Trabalho como requisito de validade da rescis\u00e3o contratual, no caso de empregados com mais de um ano de servi\u00e7o.<\/span><\/p>\n<p><span>Com as altera\u00e7\u00f5es na legisla\u00e7\u00e3o, empregado e empregador s\u00e3o desobrigados da homologa\u00e7\u00e3o junto ao sindicato, podendo acordar em formalizar o desligamento na pr\u00f3pria empresa, independentemente do tempo de servi\u00e7o do empregado.<\/span><\/p>\n<p><a href=\"https:\/\/www.camara.leg.br\/noticias\/573454-SAIBA-MAIS-SOBRE-A-TRAMITACAO-DE-PROJETOS-DE-LEI\">Saiba mais sobre a tramita\u00e7\u00e3o de projetos de lei<\/a><\/p>","protected":false},"excerpt":{"rendered":"<p>Bruno Spada\/C\u00e2mara dos Deputados Kim Kataguiri considera que projeto respeita &#8220;princ\u00edpio da dignidade humana&#8221; A Comiss\u00e3o de Constitui\u00e7\u00e3o e Justi\u00e7a e de Cidadania (CCJ) da C\u00e2mara dos Deputados aprovou, nesta quarta-feira (13), projeto que obriga a presta\u00e7\u00e3o de assist\u00eancia aos trabalhadores analfabetos com mais de 60 anos que forem demitidos. O texto prev\u00ea assist\u00eancia do [&hellip;]<\/p>\n","protected":false},"author":0,"featured_media":0,"comment_status":"open","ping_status":"open","sticky":false,"template":"","format":"standard","meta":{"footnotes":""},"categories":[1],"tags":[],"_links":{"self":[{"href":"https:\/\/jeffersonisac.adv.br\/index.php\/wp-json\/wp\/v2\/posts\/2371"}],"collection":[{"href":"https:\/\/jeffersonisac.adv.br\/index.php\/wp-json\/wp\/v2\/posts"}],"about":[{"href":"https:\/\/jeffersonisac.adv.br\/index.php\/wp-json\/wp\/v2\/types\/post"}],"replies":[{"embeddable":true,"href":"https:\/\/jeffersonisac.adv.br\/index.php\/wp-json\/wp\/v2\/comments?post=2371"}],"version-history":[{"count":0,"href":"https:\/\/jeffersonisac.adv.br\/index.php\/wp-json\/wp\/v2\/posts\/2371\/revisions"}],"wp:attachment":[{"href":"https:\/\/jeffersonisac.adv.br\/index.php\/wp-json\/wp\/v2\/media?parent=2371"}],"wp:term":[{"taxonomy":"category","embeddable":true,"href":"https:\/\/jeffersonisac.adv.br\/index.php\/wp-json\/wp\/v2\/categories?post=2371"},{"taxonomy":"post_tag","embeddable":true,"href":"https:\/\/jeffersonisac.adv.br\/index.php\/wp-json\/wp\/v2\/tags?post=2371"}],"curies":[{"name":"wp","href":"https:\/\/api.w.org\/{rel}","templated":true}]}}