{"id":2373,"date":"2023-09-14T08:48:28","date_gmt":"2023-09-14T11:48:28","guid":{"rendered":"https:\/\/jeffersonisac.adv.br\/index.php\/2023\/09\/14\/comissao-aprova-projeto-que-preve-secao-com-livros-e-periodicos-em-braile-em-bibliotecas-publicas\/"},"modified":"2023-09-14T08:48:28","modified_gmt":"2023-09-14T11:48:28","slug":"comissao-aprova-projeto-que-preve-secao-com-livros-e-periodicos-em-braile-em-bibliotecas-publicas","status":"publish","type":"post","link":"https:\/\/jeffersonisac.adv.br\/index.php\/2023\/09\/14\/comissao-aprova-projeto-que-preve-secao-com-livros-e-periodicos-em-braile-em-bibliotecas-publicas\/","title":{"rendered":"Comiss\u00e3o aprova projeto que prev\u00ea se\u00e7\u00e3o com livros e peri\u00f3dicos em braile em bibliotecas p\u00fablicas"},"content":{"rendered":"<div class=\"image-container\">\n<div class=\"midia-creditos\"><em>Zeca Ribeiro \/ C\u00e2mara dos Deputados<\/em><\/div>\n<div class=\"media-wrapper\"><\/div>\n<div class=\"midia-legenda\">Dr. Francisco recomendou a aprova\u00e7\u00e3o do substitutivo da Comiss\u00e3o de Cultura<\/div>\n<\/div>\n<p>A Comiss\u00e3o de Defesa dos Direitos das Pessoas com Defici\u00eancia da C\u00e2mara dos Deputados aprovou projeto de lei que obriga as bibliotecas p\u00fablicas a manterem se\u00e7\u00e3o composta por livros e peri\u00f3dicos em braile, com equipes para o atendimento a pessoas cegas e com baixa vis\u00e3o. A medida tamb\u00e9m vale para as bibliotecas das universidades federais.<\/p>\n<p>O relator, deputado Dr. Francisco (PT-PI), recomendou a aprova\u00e7\u00e3o do <span class=\"termoGlossario\">substitutivo<\/span> da Comiss\u00e3o de Cultura para o Projeto de Lei 340\/22, do deputado Fl\u00e1vio Nogueira (PT-PI). O texto aprovado altera a norma que regulamenta a universaliza\u00e7\u00e3o das bibliotecas em institui\u00e7\u00f5es de ensino (<a class=\"linkLegislacao\" href=\"https:\/\/www2.camara.gov.br\/legin\/fed\/lei\/2010\/lei-12244-24-maio-2010-606412-norma-pl.html\">Lei 12.244\/10<\/a>).<\/p>\n<p>\u201cA iniciativa de criar se\u00e7\u00f5es em braile pode servir de exemplo e incentivo para outras institui\u00e7\u00f5es p\u00fablicas e privadas, ampliando o acesso \u00e0 informa\u00e7\u00e3o para pessoas com defici\u00eancia visual\u201d, disse Dr. Francisco no parecer aprovado.<\/p>\n<p>\u201cNo mundo contempor\u00e2neo, n\u00e3o h\u00e1 mais espa\u00e7o para deixar \u00e0 plena margem da vida cultural as pessoas que carecem do sentido da vis\u00e3o\u201d, afirmou o deputado, Fl\u00e1vio Nogueira, autor da proposta original, ao defender as mudan\u00e7as.<\/p>\n<p><strong>Tramita\u00e7\u00e3o<\/strong><br \/>\nO projeto tramita em <span class=\"termoGlossario\">car\u00e1ter conclusivo<\/span> e ainda ser\u00e1 analisado pelas comiss\u00f5es de Finan\u00e7as e Tributa\u00e7\u00e3o; e de Constitui\u00e7\u00e3o e Justi\u00e7a e de Cidadania.<\/p>\n<p><a href=\"https:\/\/www.camara.leg.br\/noticias\/573454-SAIBA-MAIS-SOBRE-A-TRAMITACAO-DE-PROJETOS-DE-LEI\">Saiba mais sobre a tramita\u00e7\u00e3o de projetos de lei<\/a><\/p>","protected":false},"excerpt":{"rendered":"<p>Zeca Ribeiro \/ C\u00e2mara dos Deputados Dr. Francisco recomendou a aprova\u00e7\u00e3o do substitutivo da Comiss\u00e3o de Cultura A Comiss\u00e3o de Defesa dos Direitos das Pessoas com Defici\u00eancia da C\u00e2mara dos Deputados aprovou projeto de lei que obriga as bibliotecas p\u00fablicas a manterem se\u00e7\u00e3o composta por livros e peri\u00f3dicos em braile, com equipes para o atendimento [&hellip;]<\/p>\n","protected":false},"author":0,"featured_media":0,"comment_status":"open","ping_status":"open","sticky":false,"template":"","format":"standard","meta":{"footnotes":""},"categories":[1],"tags":[],"_links":{"self":[{"href":"https:\/\/jeffersonisac.adv.br\/index.php\/wp-json\/wp\/v2\/posts\/2373"}],"collection":[{"href":"https:\/\/jeffersonisac.adv.br\/index.php\/wp-json\/wp\/v2\/posts"}],"about":[{"href":"https:\/\/jeffersonisac.adv.br\/index.php\/wp-json\/wp\/v2\/types\/post"}],"replies":[{"embeddable":true,"href":"https:\/\/jeffersonisac.adv.br\/index.php\/wp-json\/wp\/v2\/comments?post=2373"}],"version-history":[{"count":0,"href":"https:\/\/jeffersonisac.adv.br\/index.php\/wp-json\/wp\/v2\/posts\/2373\/revisions"}],"wp:attachment":[{"href":"https:\/\/jeffersonisac.adv.br\/index.php\/wp-json\/wp\/v2\/media?parent=2373"}],"wp:term":[{"taxonomy":"category","embeddable":true,"href":"https:\/\/jeffersonisac.adv.br\/index.php\/wp-json\/wp\/v2\/categories?post=2373"},{"taxonomy":"post_tag","embeddable":true,"href":"https:\/\/jeffersonisac.adv.br\/index.php\/wp-json\/wp\/v2\/tags?post=2373"}],"curies":[{"name":"wp","href":"https:\/\/api.w.org\/{rel}","templated":true}]}}