{"id":2380,"date":"2023-09-14T11:11:54","date_gmt":"2023-09-14T14:11:54","guid":{"rendered":"https:\/\/jeffersonisac.adv.br\/index.php\/2023\/09\/14\/comissao-de-legislacao-participativa-debatera-regulamentacao-da-cannabis-para-fins-medicinais\/"},"modified":"2023-09-14T11:11:54","modified_gmt":"2023-09-14T14:11:54","slug":"comissao-de-legislacao-participativa-debatera-regulamentacao-da-cannabis-para-fins-medicinais","status":"publish","type":"post","link":"https:\/\/jeffersonisac.adv.br\/index.php\/2023\/09\/14\/comissao-de-legislacao-participativa-debatera-regulamentacao-da-cannabis-para-fins-medicinais\/","title":{"rendered":"Comiss\u00e3o de Legisla\u00e7\u00e3o Participativa debater\u00e1 regulamenta\u00e7\u00e3o da cannabis para fins medicinais"},"content":{"rendered":"<div class=\"image-container\">\n<div class=\"midia-creditos\"><em>Billy Boss\/C\u00e2mara dos Deputados<\/em><\/div>\n<div class=\"media-wrapper\"><\/div>\n<div class=\"midia-legenda\">Tal\u00edria Petrone \u00e9 a autora do requerimento para a realiza\u00e7\u00e3o da audi\u00eancia<\/div>\n<\/div>\n<p>A Comiss\u00e3o de Legisla\u00e7\u00e3o Participativa da C\u00e2mara dos Deputados vai realizar audi\u00eancia p\u00fablica na ter\u00e7a-feira (19) para debater a regulamenta\u00e7\u00e3o do uso da cannabis para fins medicinais e terap\u00eauticos.<\/p>\n<p>A autora do requerimento para a realiza\u00e7\u00e3o do debate \u00e9 a deputada Tal\u00edria Petrone (Psol-RJ). Em sua justificativa, ela lembra que j\u00e1 h\u00e1 movimentos no Poder Judici\u00e1rio e no Executivo em dire\u00e7\u00e3o da autoriza\u00e7\u00e3o do consumo, da importa\u00e7\u00e3o de medicamentos e do autocultivo da cannabis, mediante prescri\u00e7\u00e3o m\u00e9dica.<\/p>\n<p>No Congresso Nacional, acrescenta ela, o debate sobre o tema tamb\u00e9m est\u00e1 se fortalecendo. Como exemplo, ela cita o Projeto de Lei 89\/23, do senador Paulo Paim, que tramita no Senado e institui a Pol\u00edtica Nacional de Fornecimento Gratuito de Medicamentos Formulados de Derivado Vegetal \u00e0 Base de Canabidiol, nas Unidades de Sa\u00fade do SUS.<\/p>\n<p>J\u00e1 a C\u00e2mara analisa o Projeto de Lei 399\/15, que viabiliza a comercializa\u00e7\u00e3o de medicamentos que contenham extratos, substratos ou partes da Cannabis sativa em sua formula\u00e7\u00e3o. &#8220;Para al\u00e9m dos motivos citados, o uso do canabidiol tem se mostrado eficiente para tratamento de in\u00fameras enfermidades, o que por si s\u00f3 justifica a necessidade de amplia\u00e7\u00e3o da articula\u00e7\u00e3o para a regulamenta\u00e7\u00e3o de seu uso no Brasil&#8221;, acrescentou a deputada.<\/p>\n<p><a href=\"https:\/\/www.camara.leg.br\/evento-legislativo\/69868\">Confira a pauta da reuni\u00e3o e a lista de convidados<\/a>.<\/p>\n<p>A audi\u00eancia est\u00e1 marcada para as 10 horas, no plen\u00e1rio 3.<\/p>","protected":false},"excerpt":{"rendered":"<p>Billy Boss\/C\u00e2mara dos Deputados Tal\u00edria Petrone \u00e9 a autora do requerimento para a realiza\u00e7\u00e3o da audi\u00eancia A Comiss\u00e3o de Legisla\u00e7\u00e3o Participativa da C\u00e2mara dos Deputados vai realizar audi\u00eancia p\u00fablica na ter\u00e7a-feira (19) para debater a regulamenta\u00e7\u00e3o do uso da cannabis para fins medicinais e terap\u00eauticos. A autora do requerimento para a realiza\u00e7\u00e3o do debate \u00e9 [&hellip;]<\/p>\n","protected":false},"author":0,"featured_media":0,"comment_status":"open","ping_status":"open","sticky":false,"template":"","format":"standard","meta":{"footnotes":""},"categories":[1],"tags":[],"_links":{"self":[{"href":"https:\/\/jeffersonisac.adv.br\/index.php\/wp-json\/wp\/v2\/posts\/2380"}],"collection":[{"href":"https:\/\/jeffersonisac.adv.br\/index.php\/wp-json\/wp\/v2\/posts"}],"about":[{"href":"https:\/\/jeffersonisac.adv.br\/index.php\/wp-json\/wp\/v2\/types\/post"}],"replies":[{"embeddable":true,"href":"https:\/\/jeffersonisac.adv.br\/index.php\/wp-json\/wp\/v2\/comments?post=2380"}],"version-history":[{"count":0,"href":"https:\/\/jeffersonisac.adv.br\/index.php\/wp-json\/wp\/v2\/posts\/2380\/revisions"}],"wp:attachment":[{"href":"https:\/\/jeffersonisac.adv.br\/index.php\/wp-json\/wp\/v2\/media?parent=2380"}],"wp:term":[{"taxonomy":"category","embeddable":true,"href":"https:\/\/jeffersonisac.adv.br\/index.php\/wp-json\/wp\/v2\/categories?post=2380"},{"taxonomy":"post_tag","embeddable":true,"href":"https:\/\/jeffersonisac.adv.br\/index.php\/wp-json\/wp\/v2\/tags?post=2380"}],"curies":[{"name":"wp","href":"https:\/\/api.w.org\/{rel}","templated":true}]}}