{"id":2386,"date":"2023-09-14T15:26:57","date_gmt":"2023-09-14T18:26:57","guid":{"rendered":"https:\/\/jeffersonisac.adv.br\/index.php\/2023\/09\/14\/ccj-aprova-uso-de-tornozeleira-eletronica-em-acusados-de-violencia-domestica\/"},"modified":"2023-09-14T15:26:57","modified_gmt":"2023-09-14T18:26:57","slug":"ccj-aprova-uso-de-tornozeleira-eletronica-em-acusados-de-violencia-domestica","status":"publish","type":"post","link":"https:\/\/jeffersonisac.adv.br\/index.php\/2023\/09\/14\/ccj-aprova-uso-de-tornozeleira-eletronica-em-acusados-de-violencia-domestica\/","title":{"rendered":"CCJ aprova uso de tornozeleira eletr\u00f4nica em acusados de viol\u00eancia dom\u00e9stica"},"content":{"rendered":"<div class=\"image-container\">\n<div class=\"midia-creditos\"><em>Alan Santos\/C\u00e2mara dos Deputados<\/em><\/div>\n<div class=\"media-wrapper\"><\/div>\n<div class=\"midia-legenda\">Enfermeira Ana Paula: medida fortalece prote\u00e7\u00e3o \u00e0 mulher<\/div>\n<\/div>\n<p><span>A Comiss\u00e3o de Constitui\u00e7\u00e3o e Justi\u00e7a e de Cidadania (CCJ) da C\u00e2mara dos Deputados aprovou, nesta quinta-feira (14), projeto que autoriza o monitoramento por tornozeleira eletr\u00f4nica de acusados de viol\u00eancia dom\u00e9stica.<\/span><\/p>\n<p><span>O texto estabelece que, para a execu\u00e7\u00e3o da medida, o poder pu\u0301blico devera\u0301 garantir a\u0300 mulher ofendida acesso a dispositivo que permita o acionamento imediato da pol\u00edcia em caso de amea\u00e7a.<\/span><\/p>\n<p><span>A relatora, deputada Enfermeira Ana Paula (PDT-CE), apresentou parecer pela aprova\u00e7\u00e3o de <a href=\"https:\/\/www.camara.leg.br\/noticias\/877556-COMISSAO-APROVA-PROPOSTA-QUE-AUTORIZA-TORNOZELEIRA-ELETRONICA-EM-ACUSADO-DE-VIOLENCIA-DOMESTICA\">substitutivo da Comiss\u00e3o de Defesa dos Direitos da Mulher<\/a> ao <a href=\"https:\/\/www.camara.leg.br\/noticias\/845153-PROJETO-AUTORIZA-USO-DE-TORNOZELEIRA-ELETRONICA-EM-ACUSADO-DE-VIOLENCIA-DOMESTICA\">Projeto de Lei 2748\/21<\/a>, do deputado Aluisio Mendes (Republicanos-MA).\u00a0<\/span><\/p>\n<p><span>Segundo Ana Paula, a proposta fortalece o sistema de prote\u00e7\u00e3o \u00e0 mulher v\u00edtima de viol\u00eancia dom\u00e9stica e familiar. \u201cDiariamente, s\u00e3o noticiados casos de mulheres agredidas mesmo ap\u00f3s a imposi\u00e7\u00e3o de medidas protetivas de urg\u00eancia aos agressores, o que evidencia a necessidade de maior fiscaliza\u00e7\u00e3o do cumprimento dessas determina\u00e7\u00f5es\u201d, afirmou.\u00a0<\/span><\/p>\n<p><a href=\"https:\/\/www.camara.leg.br\/noticias\/573454-SAIBA-MAIS-SOBRE-A-TRAMITACAO-DE-PROJETOS-DE-LEI\">Saiba mais sobre a tramita\u00e7\u00e3o de projetos de lei\u00a0<\/a><\/p>\n<p><span>O texto foi analisado em <span class=\"termoGlossario\">car\u00e1ter conclusivo<\/span> e poder\u00e1 seguir direto para o Senado, a menos que haja recurso para vota\u00e7\u00e3o pelo Plen\u00e1rio da C\u00e2mara.<\/span><\/p>\n<p>\u00a0<\/p>\n<div><\/div>\n<p>\u00a0<\/p>","protected":false},"excerpt":{"rendered":"<p>Alan Santos\/C\u00e2mara dos Deputados Enfermeira Ana Paula: medida fortalece prote\u00e7\u00e3o \u00e0 mulher A Comiss\u00e3o de Constitui\u00e7\u00e3o e Justi\u00e7a e de Cidadania (CCJ) da C\u00e2mara dos Deputados aprovou, nesta quinta-feira (14), projeto que autoriza o monitoramento por tornozeleira eletr\u00f4nica de acusados de viol\u00eancia dom\u00e9stica. O texto estabelece que, para a execu\u00e7\u00e3o da medida, o poder pu\u0301blico [&hellip;]<\/p>\n","protected":false},"author":0,"featured_media":0,"comment_status":"open","ping_status":"open","sticky":false,"template":"","format":"standard","meta":{"footnotes":""},"categories":[1],"tags":[],"_links":{"self":[{"href":"https:\/\/jeffersonisac.adv.br\/index.php\/wp-json\/wp\/v2\/posts\/2386"}],"collection":[{"href":"https:\/\/jeffersonisac.adv.br\/index.php\/wp-json\/wp\/v2\/posts"}],"about":[{"href":"https:\/\/jeffersonisac.adv.br\/index.php\/wp-json\/wp\/v2\/types\/post"}],"replies":[{"embeddable":true,"href":"https:\/\/jeffersonisac.adv.br\/index.php\/wp-json\/wp\/v2\/comments?post=2386"}],"version-history":[{"count":0,"href":"https:\/\/jeffersonisac.adv.br\/index.php\/wp-json\/wp\/v2\/posts\/2386\/revisions"}],"wp:attachment":[{"href":"https:\/\/jeffersonisac.adv.br\/index.php\/wp-json\/wp\/v2\/media?parent=2386"}],"wp:term":[{"taxonomy":"category","embeddable":true,"href":"https:\/\/jeffersonisac.adv.br\/index.php\/wp-json\/wp\/v2\/categories?post=2386"},{"taxonomy":"post_tag","embeddable":true,"href":"https:\/\/jeffersonisac.adv.br\/index.php\/wp-json\/wp\/v2\/tags?post=2386"}],"curies":[{"name":"wp","href":"https:\/\/api.w.org\/{rel}","templated":true}]}}