{"id":2424,"date":"2023-09-15T10:50:04","date_gmt":"2023-09-15T13:50:04","guid":{"rendered":"https:\/\/jeffersonisac.adv.br\/index.php\/2023\/09\/15\/comissao-debate-politicas-publicas-voltadas-a-defesa-da-cultura-indigena\/"},"modified":"2023-09-15T10:50:04","modified_gmt":"2023-09-15T13:50:04","slug":"comissao-debate-politicas-publicas-voltadas-a-defesa-da-cultura-indigena","status":"publish","type":"post","link":"https:\/\/jeffersonisac.adv.br\/index.php\/2023\/09\/15\/comissao-debate-politicas-publicas-voltadas-a-defesa-da-cultura-indigena\/","title":{"rendered":"Comiss\u00e3o debate pol\u00edticas p\u00fablicas voltadas \u00e0 defesa da cultura ind\u00edgena"},"content":{"rendered":"<div class=\"image-container\">\n<div class=\"midia-creditos\"><em>Marcos Vergueiro\/Secom-MT<\/em><\/div>\n<div class=\"media-wrapper\"><\/div>\n<div class=\"midia-legenda\">A cultura ind\u00edgena \u00e9 pe\u00e7a importante na constru\u00e7\u00e3o da identidade nacional<\/div>\n<\/div>\n<p>A Comiss\u00e3o de Cultura da C\u00e2mara dos Deputados discute na quarta-feira (20) as pol\u00edticas p\u00fablicas voltadas \u00e0 defesa da cultura dos povos ind\u00edgenas.\u00a0O debate \u00e9 uma iniciativa da deputada C\u00e9lia Xakriab\u00e1 (Psol-MG). Ela afirma que epis\u00f3dios recentes envolvendo casas de rezas incendiadas e lideran\u00e7as religiosas perseguidas e persegui\u00e7\u00e3o a povos por causa de suas culturas t\u00eam funcionado como verdadeiro instrumento de dizima\u00e7\u00e3o dos ind\u00edgenas no Pa\u00eds.<\/p>\n<p>&#8220;Em virtude desses constantes ataques sofridos pelas comunidades ind\u00edgenas, \u00e9 preciso abrir espa\u00e7o para discutir como o poder p\u00fablico pode contribuir para p\u00f4r fim a essas viol\u00eancias&#8221;, justifica a parlamentar.<\/p>\n<p><a href=\"https:\/\/www.camara.leg.br\/evento-legislativo\/69971\">Confira a lista de convidados da audi\u00eancia<\/a><\/p>\n<p>A reuni\u00e3o ser\u00e1 realizada no plen\u00e1rio 10, \u00e0s 15h30.<\/p>","protected":false},"excerpt":{"rendered":"<p>Marcos Vergueiro\/Secom-MT A cultura ind\u00edgena \u00e9 pe\u00e7a importante na constru\u00e7\u00e3o da identidade nacional A Comiss\u00e3o de Cultura da C\u00e2mara dos Deputados discute na quarta-feira (20) as pol\u00edticas p\u00fablicas voltadas \u00e0 defesa da cultura dos povos ind\u00edgenas.\u00a0O debate \u00e9 uma iniciativa da deputada C\u00e9lia Xakriab\u00e1 (Psol-MG). Ela afirma que epis\u00f3dios recentes envolvendo casas de rezas incendiadas [&hellip;]<\/p>\n","protected":false},"author":0,"featured_media":0,"comment_status":"open","ping_status":"open","sticky":false,"template":"","format":"standard","meta":{"footnotes":""},"categories":[1],"tags":[],"_links":{"self":[{"href":"https:\/\/jeffersonisac.adv.br\/index.php\/wp-json\/wp\/v2\/posts\/2424"}],"collection":[{"href":"https:\/\/jeffersonisac.adv.br\/index.php\/wp-json\/wp\/v2\/posts"}],"about":[{"href":"https:\/\/jeffersonisac.adv.br\/index.php\/wp-json\/wp\/v2\/types\/post"}],"replies":[{"embeddable":true,"href":"https:\/\/jeffersonisac.adv.br\/index.php\/wp-json\/wp\/v2\/comments?post=2424"}],"version-history":[{"count":0,"href":"https:\/\/jeffersonisac.adv.br\/index.php\/wp-json\/wp\/v2\/posts\/2424\/revisions"}],"wp:attachment":[{"href":"https:\/\/jeffersonisac.adv.br\/index.php\/wp-json\/wp\/v2\/media?parent=2424"}],"wp:term":[{"taxonomy":"category","embeddable":true,"href":"https:\/\/jeffersonisac.adv.br\/index.php\/wp-json\/wp\/v2\/categories?post=2424"},{"taxonomy":"post_tag","embeddable":true,"href":"https:\/\/jeffersonisac.adv.br\/index.php\/wp-json\/wp\/v2\/tags?post=2424"}],"curies":[{"name":"wp","href":"https:\/\/api.w.org\/{rel}","templated":true}]}}