{"id":2426,"date":"2023-09-15T10:50:04","date_gmt":"2023-09-15T13:50:04","guid":{"rendered":"https:\/\/jeffersonisac.adv.br\/index.php\/2023\/09\/15\/comissao-debate-marco-temporal-da-ocupacao-de-terras-indigenas-e-seus-impactos-nos-biomas-brasileiros\/"},"modified":"2023-09-15T10:50:04","modified_gmt":"2023-09-15T13:50:04","slug":"comissao-debate-marco-temporal-da-ocupacao-de-terras-indigenas-e-seus-impactos-nos-biomas-brasileiros","status":"publish","type":"post","link":"https:\/\/jeffersonisac.adv.br\/index.php\/2023\/09\/15\/comissao-debate-marco-temporal-da-ocupacao-de-terras-indigenas-e-seus-impactos-nos-biomas-brasileiros\/","title":{"rendered":"Comiss\u00e3o debate marco temporal da ocupa\u00e7\u00e3o de terras ind\u00edgenas e seus impactos nos biomas brasileiros"},"content":{"rendered":"<div class=\"image-container\">\n<div class=\"midia-creditos\"><em>Pablo Valadares\/C\u00e2mara dos Deputados<\/em><\/div>\n<div class=\"media-wrapper\"><\/div>\n<div class=\"midia-legenda\">Deputada C\u00e9lia Xakriab\u00e1 solicitou o debate<\/div>\n<\/div>\n<p>A Comiss\u00e3o da Amaz\u00f4nia e dos Povos Origin\u00e1rios e Tradicionais da C\u00e2mara dos Deputados discute na pr\u00f3xima ter\u00e7a-feira (19) o projeto do marco temporal para demarca\u00e7\u00e3o de terras ind\u00edgenas e seus impactos nos biomas brasileiros. O debate atende a requerimento da deputada C\u00e9lia Xakriab\u00e1 (Psol-MG).<\/p>\n<p>O Projeto de Lei 490\/07 restringe a demarca\u00e7\u00e3o de terras ind\u00edgenas \u00e0quelas j\u00e1 ocupadas por esses povos em 5 de outubro de 1988, data da promulga\u00e7\u00e3o da Constitui\u00e7\u00e3o federal. O texto foi <a href=\"https:\/\/www.camara.leg.br\/noticias\/967344-CAMARA-APROVA-PROJETO-DO-MARCO-TEMPORAL-PARA-DEMARCACAO-DAS-TERRAS-INDIGENAS\">aprovado pela C\u00e2mara em maio<\/a> e agora est\u00e1 em an\u00e1lise no Senado.<\/p>\n<p>A tese do marco temporal tamb\u00e9m est\u00e1 sendo analisada pelo Supremo Tribunal Federal (STF). O julgamento sobre o tema j\u00e1 foi adiado v\u00e1rias vezes.<\/p>\n<p>&#8220;As mulheres ind\u00edgenas em especial, protetoras dos biomas brasileiros veem com particular preocupa\u00e7\u00e3o a tramita\u00e7\u00e3o desse projeto e as poss\u00edveis consequ\u00eancias para a M\u00e3e Terra caso um dia chegue a se tornar lei de fato&#8221;, diz C\u00e9lia Xakriab\u00e1.<\/p>\n<p>&#8220;\u00c9 de suma import\u00e2ncia debater a tese do marco temporal, o projeto, os efeitos pr\u00e1ticos e os impactos \u00e0 sociobiodiversidade do Pa\u00eds, principalmente os efeitos sobre quem est\u00e1 dentro dos territ\u00f3rios, defendendo, muitas vezes com a pr\u00f3pria vida, o meio ambiente&#8221;, ressalta a deputada.<\/p>\n<p>A audi\u00eancia p\u00fablica est\u00e1 marcada para as 15 horas, no plen\u00e1rio 12.<\/p>\n<p><a href=\"https:\/\/www.camara.leg.br\/evento-legislativo\/69891\">Confira a pauta do debate e a lista completa de convidados<\/a><\/p>","protected":false},"excerpt":{"rendered":"<p>Pablo Valadares\/C\u00e2mara dos Deputados Deputada C\u00e9lia Xakriab\u00e1 solicitou o debate A Comiss\u00e3o da Amaz\u00f4nia e dos Povos Origin\u00e1rios e Tradicionais da C\u00e2mara dos Deputados discute na pr\u00f3xima ter\u00e7a-feira (19) o projeto do marco temporal para demarca\u00e7\u00e3o de terras ind\u00edgenas e seus impactos nos biomas brasileiros. O debate atende a requerimento da deputada C\u00e9lia Xakriab\u00e1 (Psol-MG). [&hellip;]<\/p>\n","protected":false},"author":0,"featured_media":0,"comment_status":"open","ping_status":"open","sticky":false,"template":"","format":"standard","meta":{"footnotes":""},"categories":[1],"tags":[],"_links":{"self":[{"href":"https:\/\/jeffersonisac.adv.br\/index.php\/wp-json\/wp\/v2\/posts\/2426"}],"collection":[{"href":"https:\/\/jeffersonisac.adv.br\/index.php\/wp-json\/wp\/v2\/posts"}],"about":[{"href":"https:\/\/jeffersonisac.adv.br\/index.php\/wp-json\/wp\/v2\/types\/post"}],"replies":[{"embeddable":true,"href":"https:\/\/jeffersonisac.adv.br\/index.php\/wp-json\/wp\/v2\/comments?post=2426"}],"version-history":[{"count":0,"href":"https:\/\/jeffersonisac.adv.br\/index.php\/wp-json\/wp\/v2\/posts\/2426\/revisions"}],"wp:attachment":[{"href":"https:\/\/jeffersonisac.adv.br\/index.php\/wp-json\/wp\/v2\/media?parent=2426"}],"wp:term":[{"taxonomy":"category","embeddable":true,"href":"https:\/\/jeffersonisac.adv.br\/index.php\/wp-json\/wp\/v2\/categories?post=2426"},{"taxonomy":"post_tag","embeddable":true,"href":"https:\/\/jeffersonisac.adv.br\/index.php\/wp-json\/wp\/v2\/tags?post=2426"}],"curies":[{"name":"wp","href":"https:\/\/api.w.org\/{rel}","templated":true}]}}