{"id":2461,"date":"2023-09-15T14:18:30","date_gmt":"2023-09-15T17:18:30","guid":{"rendered":"https:\/\/jeffersonisac.adv.br\/index.php\/2023\/09\/15\/comissao-aprova-projeto-que-recomenda-instalacao-de-barreira-eletronica-em-ruas-com-escola\/"},"modified":"2023-09-15T14:18:30","modified_gmt":"2023-09-15T17:18:30","slug":"comissao-aprova-projeto-que-recomenda-instalacao-de-barreira-eletronica-em-ruas-com-escola","status":"publish","type":"post","link":"https:\/\/jeffersonisac.adv.br\/index.php\/2023\/09\/15\/comissao-aprova-projeto-que-recomenda-instalacao-de-barreira-eletronica-em-ruas-com-escola\/","title":{"rendered":"Comiss\u00e3o aprova projeto que recomenda instala\u00e7\u00e3o de barreira eletr\u00f4nica em ruas com escola"},"content":{"rendered":"<div class=\"image-container\">\n<div class=\"midia-creditos\"><em>Bruno Spada\/C\u00e2mara dos Deputados<\/em><\/div>\n<div class=\"media-wrapper\"><\/div>\n<div class=\"midia-legenda\">Neto Carletto: \u201cEspera-se a redu\u00e7\u00e3o da ocorr\u00eancia de acidentes\u201d<\/div>\n<\/div>\n<p>A Comiss\u00e3o de Via\u00e7\u00e3o e Transportes da C\u00e2mara dos Deputados aprovou projeto de lei que recomenda aos \u00f3rg\u00e3os de tr\u00e2nsito a instala\u00e7\u00e3o de aparelhos de fiscaliza\u00e7\u00e3o eletr\u00f4nica \u2013 conhecidos como barreiras eletr\u00f4nicas ou redutores de velocidade \u2013 nas vias pr\u00f3ximas a escolas e creches.<\/p>\n<p>Foi aprovada a vers\u00e3o elaborada pelo relator, deputado Neto Carletto (PP-BA), ao <a href=\"https:\/\/www.camara.leg.br\/noticias\/729489-projeto-exige-barreira-eletronica-em-rodovia-se-houver-escola-proxima\/\">Projeto de Lei 5039\/20<\/a>, do deputado Juninho do Pneu (Uni\u00e3o-RJ). O texto original tornava a instala\u00e7\u00e3o dos equipamentos obrigat\u00f3ria.<\/p>\n<p>O relator preferiu inserir a medida como uma orienta\u00e7\u00e3o, visto que as autoridades de tr\u00e2nsito t\u00eam autonomia para adotar normas de seguran\u00e7a conforme os estudos t\u00e9cnicos realizados nas vias. O parlamentar acrescentou que o <a href=\"https:\/\/www2.camara.leg.br\/legin\/fed\/lei\/1997\/lei-9503-23-setembro-1997-372348-norma-pl.html\">C\u00f3digo de Tr\u00e2nsito Brasileiro<\/a> j\u00e1 prev\u00ea sinaliza\u00e7\u00e3o para condutores e pedestres.<\/p>\n<p>\u201cEspera-se a redu\u00e7\u00e3o da ocorr\u00eancia de acidentes\u201d, frisou Neto Carletto.<\/p>\n<p><strong>Tramita\u00e7\u00e3o<\/strong><br \/>\nA proposta tramita em <span class=\"termoGlossario\">car\u00e1ter conclusivo<\/span> e ainda ser\u00e1 analisada pela Comiss\u00e3o de Constitui\u00e7\u00e3o e Justi\u00e7a e de Cidadania (CCJ).<\/p>\n<p><a href=\"https:\/\/www.camara.leg.br\/noticias\/573454-SAIBA-MAIS-SOBRE-A-TRAMITACAO-DE-PROJETOS-DE-LEI\">Saiba mais sobre a tramita\u00e7\u00e3o de projetos de lei<\/a><\/p>","protected":false},"excerpt":{"rendered":"<p>Bruno Spada\/C\u00e2mara dos Deputados Neto Carletto: \u201cEspera-se a redu\u00e7\u00e3o da ocorr\u00eancia de acidentes\u201d A Comiss\u00e3o de Via\u00e7\u00e3o e Transportes da C\u00e2mara dos Deputados aprovou projeto de lei que recomenda aos \u00f3rg\u00e3os de tr\u00e2nsito a instala\u00e7\u00e3o de aparelhos de fiscaliza\u00e7\u00e3o eletr\u00f4nica \u2013 conhecidos como barreiras eletr\u00f4nicas ou redutores de velocidade \u2013 nas vias pr\u00f3ximas a escolas [&hellip;]<\/p>\n","protected":false},"author":0,"featured_media":0,"comment_status":"open","ping_status":"open","sticky":false,"template":"","format":"standard","meta":{"footnotes":""},"categories":[1],"tags":[],"_links":{"self":[{"href":"https:\/\/jeffersonisac.adv.br\/index.php\/wp-json\/wp\/v2\/posts\/2461"}],"collection":[{"href":"https:\/\/jeffersonisac.adv.br\/index.php\/wp-json\/wp\/v2\/posts"}],"about":[{"href":"https:\/\/jeffersonisac.adv.br\/index.php\/wp-json\/wp\/v2\/types\/post"}],"replies":[{"embeddable":true,"href":"https:\/\/jeffersonisac.adv.br\/index.php\/wp-json\/wp\/v2\/comments?post=2461"}],"version-history":[{"count":0,"href":"https:\/\/jeffersonisac.adv.br\/index.php\/wp-json\/wp\/v2\/posts\/2461\/revisions"}],"wp:attachment":[{"href":"https:\/\/jeffersonisac.adv.br\/index.php\/wp-json\/wp\/v2\/media?parent=2461"}],"wp:term":[{"taxonomy":"category","embeddable":true,"href":"https:\/\/jeffersonisac.adv.br\/index.php\/wp-json\/wp\/v2\/categories?post=2461"},{"taxonomy":"post_tag","embeddable":true,"href":"https:\/\/jeffersonisac.adv.br\/index.php\/wp-json\/wp\/v2\/tags?post=2461"}],"curies":[{"name":"wp","href":"https:\/\/api.w.org\/{rel}","templated":true}]}}