{"id":2463,"date":"2023-09-15T14:18:30","date_gmt":"2023-09-15T17:18:30","guid":{"rendered":"https:\/\/jeffersonisac.adv.br\/index.php\/2023\/09\/15\/adiado-para-outubro-debate-sobre-implementacao-do-programa-nacional-do-hidrogenio\/"},"modified":"2023-09-15T14:18:30","modified_gmt":"2023-09-15T17:18:30","slug":"adiado-para-outubro-debate-sobre-implementacao-do-programa-nacional-do-hidrogenio","status":"publish","type":"post","link":"https:\/\/jeffersonisac.adv.br\/index.php\/2023\/09\/15\/adiado-para-outubro-debate-sobre-implementacao-do-programa-nacional-do-hidrogenio\/","title":{"rendered":"Adiado para outubro debate sobre implementa\u00e7\u00e3o do Programa Nacional do Hidrog\u00eanio"},"content":{"rendered":"<div class=\"image-container\">\n<div class=\"midia-creditos\"><em>Vinicius Loures \/ C\u00e2mara dos Deputados<\/em><\/div>\n<div class=\"media-wrapper\"><\/div>\n<div class=\"midia-legenda\">Deputados Arnaldo Jardim e Bacelar em audi\u00eancia da comiss\u00e3o<\/div>\n<\/div>\n<p>A Comiss\u00e3o Especial da Transi\u00e7\u00e3o Energ\u00e9tica e Produ\u00e7\u00e3o de Hidrog\u00eanio Verde da C\u00e2mara dos Deputados adiou para outubro a audi\u00eancia p\u00fablica que realizaria na pr\u00f3xima ter\u00e7a-feira (19) para discutir a implementa\u00e7\u00e3o do Programa Nacional do Hidrog\u00eanio.<\/p>\n<p>O debate foi solicitado pelos deputados Bacelar (PV-BA) e Arnaldo Jardim (Cidadania-SP), respectivamente, relator e presidente da comiss\u00e3o.<\/p>\n<p>No requerimento em que pedem a realiza\u00e7\u00e3o da audi\u00eancia, eles informam que o Minist\u00e9rio de Minas e Energia formulou o Programa Nacional do Hidrog\u00eanio (PNH2), que prop\u00f5e &#8220;uma s\u00e9rie de a\u00e7\u00f5es que facilita o desenvolvimento conjunto de tr\u00eas pilares fundamentais para o sucesso do progresso de uma economia do hidrog\u00eanio: pol\u00edticas p\u00fablicas, tecnologia e mercado&#8221;.<\/p>\n<p>Com o debate, eles pretendem conhecer as a\u00e7\u00f5es que est\u00e3o sendo adotadas pelo governo para a implementa\u00e7\u00e3o do programa. O assunto ser\u00e1 discutido com representantes dos minist\u00e9rios do Desenvolvimento, Ind\u00fastria, Com\u00e9rcio e Servi\u00e7os; de Agricultura e Pecu\u00e1ria; de Ci\u00eancia, Tecnologia e Inova\u00e7\u00e3o; e de Minas e Energia.<\/p>\n<p><a href=\"https:\/\/www.camara.leg.br\/evento-legislativo\/69981\">Confira a pauta completa do debate<\/a><\/p>\n<p>A audi\u00eancia est\u00e1 prevista para as 14h30, em local a ser definido.<\/p>","protected":false},"excerpt":{"rendered":"<p>Vinicius Loures \/ C\u00e2mara dos Deputados Deputados Arnaldo Jardim e Bacelar em audi\u00eancia da comiss\u00e3o A Comiss\u00e3o Especial da Transi\u00e7\u00e3o Energ\u00e9tica e Produ\u00e7\u00e3o de Hidrog\u00eanio Verde da C\u00e2mara dos Deputados adiou para outubro a audi\u00eancia p\u00fablica que realizaria na pr\u00f3xima ter\u00e7a-feira (19) para discutir a implementa\u00e7\u00e3o do Programa Nacional do Hidrog\u00eanio. O debate foi solicitado [&hellip;]<\/p>\n","protected":false},"author":0,"featured_media":0,"comment_status":"open","ping_status":"open","sticky":false,"template":"","format":"standard","meta":{"footnotes":""},"categories":[1],"tags":[],"_links":{"self":[{"href":"https:\/\/jeffersonisac.adv.br\/index.php\/wp-json\/wp\/v2\/posts\/2463"}],"collection":[{"href":"https:\/\/jeffersonisac.adv.br\/index.php\/wp-json\/wp\/v2\/posts"}],"about":[{"href":"https:\/\/jeffersonisac.adv.br\/index.php\/wp-json\/wp\/v2\/types\/post"}],"replies":[{"embeddable":true,"href":"https:\/\/jeffersonisac.adv.br\/index.php\/wp-json\/wp\/v2\/comments?post=2463"}],"version-history":[{"count":0,"href":"https:\/\/jeffersonisac.adv.br\/index.php\/wp-json\/wp\/v2\/posts\/2463\/revisions"}],"wp:attachment":[{"href":"https:\/\/jeffersonisac.adv.br\/index.php\/wp-json\/wp\/v2\/media?parent=2463"}],"wp:term":[{"taxonomy":"category","embeddable":true,"href":"https:\/\/jeffersonisac.adv.br\/index.php\/wp-json\/wp\/v2\/categories?post=2463"},{"taxonomy":"post_tag","embeddable":true,"href":"https:\/\/jeffersonisac.adv.br\/index.php\/wp-json\/wp\/v2\/tags?post=2463"}],"curies":[{"name":"wp","href":"https:\/\/api.w.org\/{rel}","templated":true}]}}