{"id":2464,"date":"2023-09-15T14:18:30","date_gmt":"2023-09-15T17:18:30","guid":{"rendered":"https:\/\/jeffersonisac.adv.br\/index.php\/2023\/09\/15\/comissao-sobre-direito-digital-debate-identidade-digital-cidadania-e-seguranca\/"},"modified":"2023-09-15T14:18:30","modified_gmt":"2023-09-15T17:18:30","slug":"comissao-sobre-direito-digital-debate-identidade-digital-cidadania-e-seguranca","status":"publish","type":"post","link":"https:\/\/jeffersonisac.adv.br\/index.php\/2023\/09\/15\/comissao-sobre-direito-digital-debate-identidade-digital-cidadania-e-seguranca\/","title":{"rendered":"Comiss\u00e3o sobre direito digital debate identidade digital, cidadania e seguran\u00e7a"},"content":{"rendered":"<div class=\"image-container\">\n<div class=\"midia-creditos\"><em>Getty Images<\/em><\/div>\n<div class=\"media-wrapper\"><\/div>\n<div class=\"midia-legenda\">Deputados discutir\u00e3o assunto com representantes de minist\u00e9rios<\/div>\n<\/div>\n<p>A Comiss\u00e3o Especial sobre Direito Digital da C\u00e2mara dos Deputados promove audi\u00eancia p\u00fablica na ter\u00e7a-feira (19) sobre o tema &#8220;Identidade digital, cidadania e seguran\u00e7a&#8221;. O debate atende a requerimento do relator, deputado Lafayette de Andrada (Republicanos-MG).<\/p>\n<p>O colegiado avalia propostas para adaptar a legisla\u00e7\u00e3o brasileira ao mundo atual de avan\u00e7os tecnol\u00f3gicos e estabelecer a Pol\u00edtica Nacional de Desenvolvimento Econ\u00f4mico Digital.<\/p>\n<p>&#8220;Nos \u00faltimos anos, estamos nos desenvolvendo e nos reinventando por meio da tecnologia, sejam as m\u00eddias sociais, a interconectividade fundamental e mais recentemente o uso de tecnologia de aprendizado para emular as capacidades humanas e nos auxiliar em nossa evolu\u00e7\u00e3o t\u00e9cnica&#8221;, diz Lafayette de Andrada.<\/p>\n<p>&#8220;Tais mudan\u00e7as na conex\u00e3o devem ser incorporadas ao direito, possibilitando a cria\u00e7\u00e3o de novas leis, bem como a adapta\u00e7\u00e3o das j\u00e1 existentes, vez que situa\u00e7\u00f5es antes complexas est\u00e3o sendo incorporadas em nossas atividades di\u00e1rias de maneiras anteriormente inconceb\u00edveis&#8221;, defende o deputado.<\/p>\n<p>A audi\u00eancia est\u00e1 marcada para as 14 horas, em local a ser definido.<\/p>\n<p><a href=\"https:\/\/www.camara.leg.br\/evento-legislativo\/70001\">Confira a pauta da reuni\u00e3o e a lista completa de convidados<\/a><\/p>","protected":false},"excerpt":{"rendered":"<p>Getty Images Deputados discutir\u00e3o assunto com representantes de minist\u00e9rios A Comiss\u00e3o Especial sobre Direito Digital da C\u00e2mara dos Deputados promove audi\u00eancia p\u00fablica na ter\u00e7a-feira (19) sobre o tema &#8220;Identidade digital, cidadania e seguran\u00e7a&#8221;. O debate atende a requerimento do relator, deputado Lafayette de Andrada (Republicanos-MG). O colegiado avalia propostas para adaptar a legisla\u00e7\u00e3o brasileira ao [&hellip;]<\/p>\n","protected":false},"author":0,"featured_media":0,"comment_status":"open","ping_status":"open","sticky":false,"template":"","format":"standard","meta":{"footnotes":""},"categories":[1],"tags":[],"_links":{"self":[{"href":"https:\/\/jeffersonisac.adv.br\/index.php\/wp-json\/wp\/v2\/posts\/2464"}],"collection":[{"href":"https:\/\/jeffersonisac.adv.br\/index.php\/wp-json\/wp\/v2\/posts"}],"about":[{"href":"https:\/\/jeffersonisac.adv.br\/index.php\/wp-json\/wp\/v2\/types\/post"}],"replies":[{"embeddable":true,"href":"https:\/\/jeffersonisac.adv.br\/index.php\/wp-json\/wp\/v2\/comments?post=2464"}],"version-history":[{"count":0,"href":"https:\/\/jeffersonisac.adv.br\/index.php\/wp-json\/wp\/v2\/posts\/2464\/revisions"}],"wp:attachment":[{"href":"https:\/\/jeffersonisac.adv.br\/index.php\/wp-json\/wp\/v2\/media?parent=2464"}],"wp:term":[{"taxonomy":"category","embeddable":true,"href":"https:\/\/jeffersonisac.adv.br\/index.php\/wp-json\/wp\/v2\/categories?post=2464"},{"taxonomy":"post_tag","embeddable":true,"href":"https:\/\/jeffersonisac.adv.br\/index.php\/wp-json\/wp\/v2\/tags?post=2464"}],"curies":[{"name":"wp","href":"https:\/\/api.w.org\/{rel}","templated":true}]}}