{"id":2473,"date":"2023-09-18T06:35:04","date_gmt":"2023-09-18T09:35:04","guid":{"rendered":"https:\/\/jeffersonisac.adv.br\/index.php\/2023\/09\/18\/audiencia-vai-discutir-anistia-a-funcionarios-da-petrobras\/"},"modified":"2023-09-18T06:35:04","modified_gmt":"2023-09-18T09:35:04","slug":"audiencia-vai-discutir-anistia-a-funcionarios-da-petrobras","status":"publish","type":"post","link":"https:\/\/jeffersonisac.adv.br\/index.php\/2023\/09\/18\/audiencia-vai-discutir-anistia-a-funcionarios-da-petrobras\/","title":{"rendered":"Audi\u00eancia vai discutir anistia a funcion\u00e1rios da Petrobras"},"content":{"rendered":"<div class=\"image-container\">\n<div class=\"midia-creditos\"><em>Depositphotos<\/em><\/div>\n<div class=\"media-wrapper\"><\/div>\n<div class=\"midia-legenda\">Plataforma de extra\u00e7\u00e3o de petr\u00f3leo<\/div>\n<\/div>\n<p>A Comiss\u00e3o de Trabalho da C\u00e2mara dos Deputados vai realizar audi\u00eancia p\u00fablica nesta segunda-feira (18) para debater os impactos do <a class=\"linkProposicao\" href=\"https:\/\/www.camara.leg.br\/noticias\/448268-projeto-amplia-anistia-a-trabalhador-da-petrobras-punido-por-movimento-reivindicatorio\">Projeto de Lei 7832\/14<\/a>, que amplia a anistia concedida aos funcion\u00e1rios da Petrobras pela <a class=\"linkLegislacao\" href=\"https:\/\/www2.camara.gov.br\/legin\/fed\/lei\/2003\/lei-10790-28-novembro-2003-497552-norma-pl.html\">Lei 10.790\/03<\/a>.<\/p>\n<p>Essa lei beneficiou os funcion\u00e1rios que sofreram puni\u00e7\u00f5es por terem participado de movimentos reivindicat\u00f3rios, como greves, entre 10 de setembro de 1994 e 1\u00ba de setembro de 1996. O projeto que ser\u00e1 debatido, apresentado pela Comiss\u00e3o de Legisla\u00e7\u00e3o Participativa, amplia esse per\u00edodo para 1\u00ba de novembro de 1992 a 31 de dezembro de 2002, al\u00e9m de criar novos par\u00e2metros no \u00e2mbito material.<\/p>\n<p>Os autores do requerimento para a realiza\u00e7\u00e3o da audi\u00eancia foram os deputados Paulo Fernando (Republicanos-DF) e Reimont (PT-RJ). Eles argumentam que, pela pol\u00eamica do tema, a realiza\u00e7\u00e3o da audi\u00eancia p\u00fablica poder\u00e1 &#8220;trazer poss\u00edveis solu\u00e7\u00f5es, modifica\u00e7\u00f5es, aprova\u00e7\u00e3o ou rejei\u00e7\u00e3o do texto&#8221;.<\/p>\n<p><a href=\"https:\/\/www.camara.leg.br\/evento-legislativo\/69877\">Confira a pauta da audi\u00eancia e sua lista de convidados<\/a>.<\/p>\n<p>A reuni\u00e3o est\u00e1 marcada para as 10 horas no plen\u00e1rio 12.<\/p>","protected":false},"excerpt":{"rendered":"<p>Depositphotos Plataforma de extra\u00e7\u00e3o de petr\u00f3leo A Comiss\u00e3o de Trabalho da C\u00e2mara dos Deputados vai realizar audi\u00eancia p\u00fablica nesta segunda-feira (18) para debater os impactos do Projeto de Lei 7832\/14, que amplia a anistia concedida aos funcion\u00e1rios da Petrobras pela Lei 10.790\/03. Essa lei beneficiou os funcion\u00e1rios que sofreram puni\u00e7\u00f5es por terem participado de movimentos [&hellip;]<\/p>\n","protected":false},"author":0,"featured_media":0,"comment_status":"open","ping_status":"open","sticky":false,"template":"","format":"standard","meta":{"footnotes":""},"categories":[1],"tags":[],"_links":{"self":[{"href":"https:\/\/jeffersonisac.adv.br\/index.php\/wp-json\/wp\/v2\/posts\/2473"}],"collection":[{"href":"https:\/\/jeffersonisac.adv.br\/index.php\/wp-json\/wp\/v2\/posts"}],"about":[{"href":"https:\/\/jeffersonisac.adv.br\/index.php\/wp-json\/wp\/v2\/types\/post"}],"replies":[{"embeddable":true,"href":"https:\/\/jeffersonisac.adv.br\/index.php\/wp-json\/wp\/v2\/comments?post=2473"}],"version-history":[{"count":0,"href":"https:\/\/jeffersonisac.adv.br\/index.php\/wp-json\/wp\/v2\/posts\/2473\/revisions"}],"wp:attachment":[{"href":"https:\/\/jeffersonisac.adv.br\/index.php\/wp-json\/wp\/v2\/media?parent=2473"}],"wp:term":[{"taxonomy":"category","embeddable":true,"href":"https:\/\/jeffersonisac.adv.br\/index.php\/wp-json\/wp\/v2\/categories?post=2473"},{"taxonomy":"post_tag","embeddable":true,"href":"https:\/\/jeffersonisac.adv.br\/index.php\/wp-json\/wp\/v2\/tags?post=2473"}],"curies":[{"name":"wp","href":"https:\/\/api.w.org\/{rel}","templated":true}]}}