{"id":2500,"date":"2023-09-18T10:53:38","date_gmt":"2023-09-18T13:53:38","guid":{"rendered":"https:\/\/jeffersonisac.adv.br\/index.php\/2023\/09\/18\/projeto-cria-para-campanha-para-avaliacao-periodica-da-saude-da-mulher-no-sus\/"},"modified":"2023-09-18T10:53:38","modified_gmt":"2023-09-18T13:53:38","slug":"projeto-cria-para-campanha-para-avaliacao-periodica-da-saude-da-mulher-no-sus","status":"publish","type":"post","link":"https:\/\/jeffersonisac.adv.br\/index.php\/2023\/09\/18\/projeto-cria-para-campanha-para-avaliacao-periodica-da-saude-da-mulher-no-sus\/","title":{"rendered":"Projeto cria para campanha para avalia\u00e7\u00e3o peri\u00f3dica da sa\u00fade da mulher no SUS"},"content":{"rendered":"<div class=\"image-container\">\n<div class=\"midia-creditos\"><em>Renato Ara\u00fajo \/ C\u00e2mara dos Deputados<\/em><\/div>\n<div class=\"media-wrapper\"><\/div>\n<div class=\"midia-legenda\">Nely Aquino, autora da proposta<\/div>\n<\/div>\n<p><span>O Projeto de Lei 1799\/23 institui campanha de avalia\u00e7\u00e3o peri\u00f3dica da sa\u00fade da mulher no Sistema \u00danico de Sa\u00fade (SUS). Pela proposta, todos os anos, a mulher poder\u00e1 ser atendida e realizar exames m\u00e9dicos, <\/span><span>preferencialmente no m\u00eas do anivers\u00e1rio dela.\u00a0<\/span><\/p>\n<p><span>Caso n\u00e3o haja oferta dos exames solicitados por profissionais do SUS, o Poder P\u00fablico dever\u00e1 ofert\u00e1-los\u00a0 por meio da celebra\u00e7\u00e3o de contratos e conv\u00eanios com entidades prestadoras de servi\u00e7os privados de sa\u00fade.\u00a0\u00a0<\/span><\/p>\n<p>O projeto de lei estabelece que a campanha de sa\u00fade dever\u00e1 oferecer, al\u00e9m d<span>a realiza\u00e7\u00e3o de exames preventivos:<\/span><\/p>\n<p><span>palestras sobre a import\u00e2ncia da atividade f\u00edsica; <\/span><br \/>\n<span>aferi\u00e7\u00e3o da press\u00e3o arterial; e<\/span><br \/>\n<span>orienta\u00e7\u00e3o nutricional.<\/span><\/p>\n<p><span>As despesas decorrentes da execu\u00e7\u00e3o da medida correr\u00e3o por conta das dota\u00e7\u00f5es or\u00e7ament\u00e1rias pr\u00f3prias, suplementadas, se necess\u00e1rio.<\/span><\/p>\n<p><strong>Diagn\u00f3stico precoce<br \/>\n<\/strong><span>Autora da proposta, a deputada Nely Aquino (Pode-MG) cita dados do Instituto Nacional de C\u00e2ncer (Inca), segundo os quais o c\u00e2ncer de mama \u00e9 a primeira causa de morte por c\u00e2ncer entre as brasileiras, exceto na regi\u00e3o Norte, onde o c\u00e2ncer do colo do \u00fatero ocupa essa posi\u00e7\u00e3o.<\/span><\/p>\n<p><span>\u201cSe isso n\u00e3o bastasse, as doen\u00e7as do aparelho circulat\u00f3rio representam a primeira causa de \u00f3bito de mulheres no Brasil\u201d, acrescenta.<\/span><\/p>\n<p><span>\u201c\u00c9 preciso garantir que as mulheres sejam atendidas por profissionais de sa\u00fade qualificados e se submetam a avalia\u00e7\u00f5es peri\u00f3dicas, para que possam prevenir a ocorr\u00eancia de doen\u00e7as, diagnostic\u00e1-las precocemente ou trat\u00e1-las de forma tempestiva\u201d, complementa. <\/span><\/p>\n<p><strong>Tramita\u00e7\u00e3o<\/strong><span><br \/>\n<\/span><span>A proposta ser\u00e1 analisada em <span class=\"termoGlossario\">car\u00e1ter conclusivo<\/span> pelas comiss\u00f5es de Defesa dos Direitos da Mulher; de Sa\u00fade; de Finan\u00e7as e Tributa\u00e7\u00e3o; e de Constitui\u00e7\u00e3o e Justi\u00e7a e de Cidadania.<\/span><\/p>\n<p><a href=\"https:\/\/www.camara.leg.br\/noticias\/573454-SAIBA-MAIS-SOBRE-A-TRAMITACAO-DE-PROJETOS-DE-LEI\">Saiba mais sobre a tramita\u00e7\u00e3o de projetos de lei<\/a><\/p>","protected":false},"excerpt":{"rendered":"<p>Renato Ara\u00fajo \/ C\u00e2mara dos Deputados Nely Aquino, autora da proposta O Projeto de Lei 1799\/23 institui campanha de avalia\u00e7\u00e3o peri\u00f3dica da sa\u00fade da mulher no Sistema \u00danico de Sa\u00fade (SUS). Pela proposta, todos os anos, a mulher poder\u00e1 ser atendida e realizar exames m\u00e9dicos, preferencialmente no m\u00eas do anivers\u00e1rio dela.\u00a0 Caso n\u00e3o haja oferta [&hellip;]<\/p>\n","protected":false},"author":0,"featured_media":0,"comment_status":"open","ping_status":"open","sticky":false,"template":"","format":"standard","meta":{"footnotes":""},"categories":[1],"tags":[],"_links":{"self":[{"href":"https:\/\/jeffersonisac.adv.br\/index.php\/wp-json\/wp\/v2\/posts\/2500"}],"collection":[{"href":"https:\/\/jeffersonisac.adv.br\/index.php\/wp-json\/wp\/v2\/posts"}],"about":[{"href":"https:\/\/jeffersonisac.adv.br\/index.php\/wp-json\/wp\/v2\/types\/post"}],"replies":[{"embeddable":true,"href":"https:\/\/jeffersonisac.adv.br\/index.php\/wp-json\/wp\/v2\/comments?post=2500"}],"version-history":[{"count":0,"href":"https:\/\/jeffersonisac.adv.br\/index.php\/wp-json\/wp\/v2\/posts\/2500\/revisions"}],"wp:attachment":[{"href":"https:\/\/jeffersonisac.adv.br\/index.php\/wp-json\/wp\/v2\/media?parent=2500"}],"wp:term":[{"taxonomy":"category","embeddable":true,"href":"https:\/\/jeffersonisac.adv.br\/index.php\/wp-json\/wp\/v2\/categories?post=2500"},{"taxonomy":"post_tag","embeddable":true,"href":"https:\/\/jeffersonisac.adv.br\/index.php\/wp-json\/wp\/v2\/tags?post=2500"}],"curies":[{"name":"wp","href":"https:\/\/api.w.org\/{rel}","templated":true}]}}