{"id":2509,"date":"2023-09-18T15:55:17","date_gmt":"2023-09-18T18:55:17","guid":{"rendered":"https:\/\/jeffersonisac.adv.br\/index.php\/2023\/09\/18\/comissao-aprova-projeto-que-estimula-pos-graduacao-para-professores-da-educacao-basica\/"},"modified":"2023-09-18T15:55:17","modified_gmt":"2023-09-18T18:55:17","slug":"comissao-aprova-projeto-que-estimula-pos-graduacao-para-professores-da-educacao-basica","status":"publish","type":"post","link":"https:\/\/jeffersonisac.adv.br\/index.php\/2023\/09\/18\/comissao-aprova-projeto-que-estimula-pos-graduacao-para-professores-da-educacao-basica\/","title":{"rendered":"Comiss\u00e3o aprova projeto que estimula p\u00f3s-gradua\u00e7\u00e3o para professores da educa\u00e7\u00e3o b\u00e1sica"},"content":{"rendered":"<div class=\"image-container\">\n<div class=\"midia-creditos\"><em>Pablo Valadares \/ C\u00e2mara dos Deputados<\/em><\/div>\n<div class=\"media-wrapper\"><\/div>\n<div class=\"midia-legenda\">Deputado Prof. Reginaldo Veras, relator da proposta na Comiss\u00e3o de Educa\u00e7\u00e3o<\/div>\n<\/div>\n<p>A Comiss\u00e3o de Educa\u00e7\u00e3o da C\u00e2mara dos Deputados aprovou projeto de lei que reserva aos professores da rede p\u00fablica da educa\u00e7\u00e3o b\u00e1sica pelo menos 20% das vagas em cursos de p\u00f3s-gradua\u00e7\u00e3o oferecidos por institui\u00e7\u00f5es federais de ensino superior (Ifes). As vagas s\u00e3o para cursos de especializa\u00e7\u00e3o, mestrado ou doutorado.<\/p>\n<p>Pelo texto, as Ifes ter\u00e3o prazo de um ano para cumprir a medida. Elas poder\u00e3o ainda oferecer os cursos de p\u00f3s-gradua\u00e7\u00e3o por meio de conv\u00eanios com os estados e munic\u00edpios.<\/p>\n<p>O texto aprovado \u00e9 o <span class=\"termoGlossario\">substitutivo<\/span> do deputado Prof. Reginaldo Veras (PV-DF) ao <a class=\"linkProposicao\" href=\"https:\/\/www.camara.leg.br\/noticias\/857181-projeto-institui-politica-de-formacao-de-professores-da-educacao-basica\">Projeto de Lei 349\/22<\/a>, do ex-deputado Chico D&#8217;angelo (RJ). O novo texto alterou alguns pontos da vers\u00e3o original, entre eles a prioridade para professores de baixa renda.<\/p>\n<p>\u201cO corte de renda familiar bruta per capita n\u00e3o faz sentido para a reserva de vagas concebida para uma categoria profissional\u201d, disse Veras. Ele destacou ainda a import\u00e2ncia da reserva de vagas. \u201cA proposta coaduna-se com a necessidade de a\u00e7\u00f5es para elevar a qualifica\u00e7\u00e3o dos professores da rede p\u00fablica\u201d, afirmou.<\/p>\n<p><strong>Requisitos<br \/>\n<\/strong>Pelo texto aprovado, o professor apto a participar dos cursos de p\u00f3s-gradua\u00e7\u00e3o dever\u00e1:<\/p>\n<p>ser concursado e estar atuando em escola p\u00fablica, com cumprimento integral da carga hor\u00e1ria pelos tr\u00eas anos anteriores ao curso, no m\u00ednimo;<br \/>\nfazer o curso de p\u00f3s-gradua\u00e7\u00e3o na \u00e1rea de sua forma\u00e7\u00e3o ou na \u00e1rea em que atuam.<\/p>\n<p>O candidato aceito poder\u00e1 se afastar das atividades docentes por meio per\u00edodo.<\/p>\n<p><strong>Tramita\u00e7\u00e3o<br \/>\n<\/strong>O projeto tramita em <span class=\"termoGlossario\">car\u00e1ter conclusivo<\/span> e ainda ser\u00e1 analisado pela Comiss\u00e3o de Constitui\u00e7\u00e3o e Justi\u00e7a e de Cidadania.<\/p>\n<p><a href=\"https:\/\/www.camara.leg.br\/noticias\/573454-SAIBA-MAIS-SOBRE-A-TRAMITACAO-DE-PROJETOS-DE-LEI\">Saiba mais sobre a tramita\u00e7\u00e3o de projetos de lei<\/a><\/p>","protected":false},"excerpt":{"rendered":"<p>Pablo Valadares \/ C\u00e2mara dos Deputados Deputado Prof. Reginaldo Veras, relator da proposta na Comiss\u00e3o de Educa\u00e7\u00e3o A Comiss\u00e3o de Educa\u00e7\u00e3o da C\u00e2mara dos Deputados aprovou projeto de lei que reserva aos professores da rede p\u00fablica da educa\u00e7\u00e3o b\u00e1sica pelo menos 20% das vagas em cursos de p\u00f3s-gradua\u00e7\u00e3o oferecidos por institui\u00e7\u00f5es federais de ensino superior [&hellip;]<\/p>\n","protected":false},"author":0,"featured_media":0,"comment_status":"open","ping_status":"open","sticky":false,"template":"","format":"standard","meta":{"footnotes":""},"categories":[1],"tags":[],"_links":{"self":[{"href":"https:\/\/jeffersonisac.adv.br\/index.php\/wp-json\/wp\/v2\/posts\/2509"}],"collection":[{"href":"https:\/\/jeffersonisac.adv.br\/index.php\/wp-json\/wp\/v2\/posts"}],"about":[{"href":"https:\/\/jeffersonisac.adv.br\/index.php\/wp-json\/wp\/v2\/types\/post"}],"replies":[{"embeddable":true,"href":"https:\/\/jeffersonisac.adv.br\/index.php\/wp-json\/wp\/v2\/comments?post=2509"}],"version-history":[{"count":0,"href":"https:\/\/jeffersonisac.adv.br\/index.php\/wp-json\/wp\/v2\/posts\/2509\/revisions"}],"wp:attachment":[{"href":"https:\/\/jeffersonisac.adv.br\/index.php\/wp-json\/wp\/v2\/media?parent=2509"}],"wp:term":[{"taxonomy":"category","embeddable":true,"href":"https:\/\/jeffersonisac.adv.br\/index.php\/wp-json\/wp\/v2\/categories?post=2509"},{"taxonomy":"post_tag","embeddable":true,"href":"https:\/\/jeffersonisac.adv.br\/index.php\/wp-json\/wp\/v2\/tags?post=2509"}],"curies":[{"name":"wp","href":"https:\/\/api.w.org\/{rel}","templated":true}]}}