{"id":2510,"date":"2023-09-18T15:55:17","date_gmt":"2023-09-18T18:55:17","guid":{"rendered":"https:\/\/jeffersonisac.adv.br\/index.php\/2023\/09\/18\/em-nova-york-lira-destaca-compromisso-da-camara-com-a-sustentabilidade\/"},"modified":"2023-09-18T15:55:17","modified_gmt":"2023-09-18T18:55:17","slug":"em-nova-york-lira-destaca-compromisso-da-camara-com-a-sustentabilidade","status":"publish","type":"post","link":"https:\/\/jeffersonisac.adv.br\/index.php\/2023\/09\/18\/em-nova-york-lira-destaca-compromisso-da-camara-com-a-sustentabilidade\/","title":{"rendered":"Em Nova York, Lira destaca compromisso da C\u00e2mara com a sustentabilidade"},"content":{"rendered":"<div class=\"image-container\">\n<div class=\"midia-creditos\"><em>Reprodu\u00e7\u00e3o\/YouTube<\/em><\/div>\n<div class=\"media-wrapper\"><\/div>\n<div class=\"midia-legenda\">Lira: Brasil consolidou uma das matrizes energ\u00e9ticas mais limpas do mundo<\/div>\n<\/div>\n<p>O presidente da C\u00e2mara dos Deputados, Arthur Lira (PP-AL), refor\u00e7ou o compromisso do Parlamento com a sustentabilidade e destacou a agenda legislativa neste semestre com a chamada pauta verde. Ele participou de evento em Nova York, promovido pela Fiesp e CNI, antes de participar da Assembleia Geral da ONU. \u201cA atual legislatura j\u00e1 provou que deseja fazer a diferen\u00e7a no Parlamento, e sou testemunha do interesse e empenho dos deputados federais em torno do desenvolvimento sustent\u00e1vel\u201d, defendeu Lira.<\/p>\n<p>Lira lembrou que foi criada uma comiss\u00e3o especial para debater a transi\u00e7\u00e3o energ\u00e9tica e propor um marco regulat\u00f3rio sobre o tema. A expectativa, segundo ele, \u00e9 que o relat\u00f3rio seja apresentado em novembro, podendo ser votado ainda neste ano pelo Plen\u00e1rio. A chamada transi\u00e7\u00e3o energ\u00e9tica caracteriza-se pela mudan\u00e7a nos processos de gera\u00e7\u00e3o e consumo de energia de fontes n\u00e3o renov\u00e1veis e mais poluentes (petr\u00f3leo, carv\u00e3o, por exemplo), para fontes de energias renov\u00e1veis (energia solar, e\u00f3lica, biomassa).<\/p>\n<p>\u201cA transi\u00e7\u00e3o energ\u00e9tica \u00e9 uma realidade que se imp\u00f5e no mundo de hoje. Em todos os pa\u00edses, as pessoas clamam por um ecossistema equilibrado, por cidades livres de polui\u00e7\u00e3o e florestas preservadas. O Brasil consolidou uma das matrizes energ\u00e9ticas mais limpas do mundo: 47% da nossa oferta interna de energia v\u00eam de fontes renov\u00e1veis, enquanto a m\u00e9dia dos pa\u00edses da OCDE \u00e9 de 11,5%. Na matriz el\u00e9trica brasileira, a participa\u00e7\u00e3o de fontes renov\u00e1veis alcan\u00e7a quase 88%\u201d, disse o presidente em seu discurso.<\/p>\n<p>Outra proposta destacada por Lira, e que est\u00e1 em discuss\u00e3o na C\u00e2mara, \u00e9 o projeto de regula\u00e7\u00e3o da gera\u00e7\u00e3o de energia em alto-mar. Lira destacou que o debate sobre o tema est\u00e1 avan\u00e7ado na Casa.<\/p>\n<p>\u201cEmbora ainda exista espa\u00e7o para o crescimento de gera\u00e7\u00e3o e\u00f3lica em terra, conv\u00e9m olhar para um horizonte ampliado, para investimentos de longo prazo no setor energ\u00e9tico. Acreditamos que ser\u00e1 um importante ve\u00edculo de seguran\u00e7a jur\u00eddica e poder\u00e1 orientar e catalisar investimentos no setor\u201d, afirmou.<\/p>\n<p>Segundo Lira, outra mat\u00e9ria que est\u00e1 sendo amadurecida na C\u00e2mara \u00e9 a regula\u00e7\u00e3o do mercado de cr\u00e9dito de carbono. O incentivo econ\u00f4mico \u00e0 conserva\u00e7\u00e3o e prote\u00e7\u00e3o do meio ambiente se traduz em t\u00edtulos, os cr\u00e9ditos de carbono, que podem ser comprados ou vendidos. Cada cr\u00e9dito corresponde a uma tonelada de di\u00f3xido de carbono (CO2).<\/p>\n<p>\u201cEm particular, a proposi\u00e7\u00e3o pode fomentar a busca por processos industriais mais eficientes e menos poluentes, trazendo inova\u00e7\u00e3o para a ind\u00fastria nacional e abrindo as portas do pa\u00eds para a ind\u00fastria verde\u201d, disse Lira.<\/p>","protected":false},"excerpt":{"rendered":"<p>Reprodu\u00e7\u00e3o\/YouTube Lira: Brasil consolidou uma das matrizes energ\u00e9ticas mais limpas do mundo O presidente da C\u00e2mara dos Deputados, Arthur Lira (PP-AL), refor\u00e7ou o compromisso do Parlamento com a sustentabilidade e destacou a agenda legislativa neste semestre com a chamada pauta verde. Ele participou de evento em Nova York, promovido pela Fiesp e CNI, antes de [&hellip;]<\/p>\n","protected":false},"author":0,"featured_media":0,"comment_status":"open","ping_status":"open","sticky":false,"template":"","format":"standard","meta":{"footnotes":""},"categories":[1],"tags":[],"_links":{"self":[{"href":"https:\/\/jeffersonisac.adv.br\/index.php\/wp-json\/wp\/v2\/posts\/2510"}],"collection":[{"href":"https:\/\/jeffersonisac.adv.br\/index.php\/wp-json\/wp\/v2\/posts"}],"about":[{"href":"https:\/\/jeffersonisac.adv.br\/index.php\/wp-json\/wp\/v2\/types\/post"}],"replies":[{"embeddable":true,"href":"https:\/\/jeffersonisac.adv.br\/index.php\/wp-json\/wp\/v2\/comments?post=2510"}],"version-history":[{"count":0,"href":"https:\/\/jeffersonisac.adv.br\/index.php\/wp-json\/wp\/v2\/posts\/2510\/revisions"}],"wp:attachment":[{"href":"https:\/\/jeffersonisac.adv.br\/index.php\/wp-json\/wp\/v2\/media?parent=2510"}],"wp:term":[{"taxonomy":"category","embeddable":true,"href":"https:\/\/jeffersonisac.adv.br\/index.php\/wp-json\/wp\/v2\/categories?post=2510"},{"taxonomy":"post_tag","embeddable":true,"href":"https:\/\/jeffersonisac.adv.br\/index.php\/wp-json\/wp\/v2\/tags?post=2510"}],"curies":[{"name":"wp","href":"https:\/\/api.w.org\/{rel}","templated":true}]}}