{"id":2521,"date":"2023-09-18T20:56:11","date_gmt":"2023-09-18T23:56:11","guid":{"rendered":"https:\/\/jeffersonisac.adv.br\/index.php\/2023\/09\/18\/comissao-aprova-projeto-de-auxilio-financeiro-para-familias-de-baixa-renda-atingidas-por-desastres\/"},"modified":"2023-09-18T20:56:11","modified_gmt":"2023-09-18T23:56:11","slug":"comissao-aprova-projeto-de-auxilio-financeiro-para-familias-de-baixa-renda-atingidas-por-desastres","status":"publish","type":"post","link":"https:\/\/jeffersonisac.adv.br\/index.php\/2023\/09\/18\/comissao-aprova-projeto-de-auxilio-financeiro-para-familias-de-baixa-renda-atingidas-por-desastres\/","title":{"rendered":"Comiss\u00e3o aprova projeto de aux\u00edlio financeiro para fam\u00edlias de baixa renda atingidas por desastres"},"content":{"rendered":"<div class=\"image-container\">\n<div class=\"midia-creditos\"><em>Paulo S\u00e9rgio\/C\u00e2mara dos Deputados<\/em><\/div>\n<div class=\"media-wrapper\"><\/div>\n<div class=\"midia-legenda\">Alceu Moreira: texto dever\u00e1 ser regulamentado pelo Minist\u00e9rio da Integra\u00e7\u00e3o e Desenvolvimento Regional<\/div>\n<\/div>\n<p>A Comiss\u00e3o de Agricultura, Pecu\u00e1ria, Abastecimento e Desenvolvimento Rural da C\u00e2mara dos Deputados aprovou projeto de lei que prev\u00ea socorro financeiro, com at\u00e9 cinco parcelas no valor m\u00e1ximo de um sal\u00e1rio m\u00ednimo (R$ 1.320) cada, a fam\u00edlias com renda de at\u00e9 cinco sal\u00e1rios m\u00ednimos atingidas por desastre ou seca.<\/p>\n<p>Foi aprovado o <span class=\"termoGlossario\">substitutivo<\/span> elaborado pelo relator, deputado Alceu Moreira (MDB-RS), para o <a class=\"linkProposicao\" href=\"https:\/\/www.camara.leg.br\/noticias\/998698-proposta-cria-auxilio-financeiro-para-agricultor-familiar-atingido-pela-seca\">Projeto de Lei 5180\/20<\/a>, do ex-deputado Celso Maldaner (SC). O texto altera a <a class=\"linkLegislacao\" href=\"https:\/\/www2.camara.gov.br\/legin\/fed\/lei\/2004\/lei-10954-29-setembro-2004-534193-norma-pl.html\">Lei 10.954\/04<\/a>, que criou um aux\u00edlio emergencial para a popula\u00e7\u00e3o dos munic\u00edpios em estado de calamidade p\u00fablica ou em situa\u00e7\u00e3o de emerg\u00eancia.<\/p>\n<p>O benef\u00edcio dever\u00e1 ser regulamentado em portaria do Minist\u00e9rio da Integra\u00e7\u00e3o e do Desenvolvimento Regional, a partir de normas elaboradas por um comit\u00ea gestor. Os recursos para os pagamentos sair\u00e3o do or\u00e7amento do minist\u00e9rio.<\/p>\n<p>\u201cEsta proposta ser\u00e1 um passo significativo no apoio aos agricultores familiares, cuja subsist\u00eancia \u00e9 frequentemente amea\u00e7ada por per\u00edodos de estiagem\u201d, disse Alceu Moreira. \u201cEstaremos n\u00e3o apenas protegendo essas fam\u00edlias, mas tamb\u00e9m contribuindo para a seguran\u00e7a alimentar das comunidades locais\u201d, ressaltou.<\/p>\n<p>A vers\u00e3o original do texto, do ex-deputado Celso Maldaner, previa ajuda aos agricultores familiares atingidos por secas, com at\u00e9 tr\u00eas parcelas de um sal\u00e1rio m\u00ednimo cada. \u201cA ideia \u00e9 assegurar ao pequeno produtor o sustento da fam\u00edlia, de forma digna, quando for impedido de exercer a principal atividade econ\u00f4mica\u201d, comentou.<\/p>\n<p><strong>Tramita\u00e7\u00e3o<\/strong><br \/>\nO projeto tramita em <span class=\"termoGlossario\">car\u00e1ter conclusivo<\/span> e ser\u00e1 analisado pelas comiss\u00f5es de Finan\u00e7as e Tributa\u00e7\u00e3o; e de Constitui\u00e7\u00e3o e Justi\u00e7a e de Cidadania.<\/p>\n<p><a href=\"https:\/\/www.camara.leg.br\/noticias\/573454-SAIBA-MAIS-SOBRE-A-TRAMITACAO-DE-PROJETOS-DE-LEI\">Saiba mais sobre a tramita\u00e7\u00e3o de projetos de lei<\/a><\/p>","protected":false},"excerpt":{"rendered":"<p>Paulo S\u00e9rgio\/C\u00e2mara dos Deputados Alceu Moreira: texto dever\u00e1 ser regulamentado pelo Minist\u00e9rio da Integra\u00e7\u00e3o e Desenvolvimento Regional A Comiss\u00e3o de Agricultura, Pecu\u00e1ria, Abastecimento e Desenvolvimento Rural da C\u00e2mara dos Deputados aprovou projeto de lei que prev\u00ea socorro financeiro, com at\u00e9 cinco parcelas no valor m\u00e1ximo de um sal\u00e1rio m\u00ednimo (R$ 1.320) cada, a fam\u00edlias com [&hellip;]<\/p>\n","protected":false},"author":0,"featured_media":0,"comment_status":"open","ping_status":"open","sticky":false,"template":"","format":"standard","meta":{"footnotes":""},"categories":[1],"tags":[],"_links":{"self":[{"href":"https:\/\/jeffersonisac.adv.br\/index.php\/wp-json\/wp\/v2\/posts\/2521"}],"collection":[{"href":"https:\/\/jeffersonisac.adv.br\/index.php\/wp-json\/wp\/v2\/posts"}],"about":[{"href":"https:\/\/jeffersonisac.adv.br\/index.php\/wp-json\/wp\/v2\/types\/post"}],"replies":[{"embeddable":true,"href":"https:\/\/jeffersonisac.adv.br\/index.php\/wp-json\/wp\/v2\/comments?post=2521"}],"version-history":[{"count":0,"href":"https:\/\/jeffersonisac.adv.br\/index.php\/wp-json\/wp\/v2\/posts\/2521\/revisions"}],"wp:attachment":[{"href":"https:\/\/jeffersonisac.adv.br\/index.php\/wp-json\/wp\/v2\/media?parent=2521"}],"wp:term":[{"taxonomy":"category","embeddable":true,"href":"https:\/\/jeffersonisac.adv.br\/index.php\/wp-json\/wp\/v2\/categories?post=2521"},{"taxonomy":"post_tag","embeddable":true,"href":"https:\/\/jeffersonisac.adv.br\/index.php\/wp-json\/wp\/v2\/tags?post=2521"}],"curies":[{"name":"wp","href":"https:\/\/api.w.org\/{rel}","templated":true}]}}