{"id":2533,"date":"2023-09-19T11:40:29","date_gmt":"2023-09-19T14:40:29","guid":{"rendered":"https:\/\/jeffersonisac.adv.br\/index.php\/2023\/09\/19\/camara-divulga-ganhadores-do-premio-nise-da-silveira-2023\/"},"modified":"2023-09-19T11:40:29","modified_gmt":"2023-09-19T14:40:29","slug":"camara-divulga-ganhadores-do-premio-nise-da-silveira-2023","status":"publish","type":"post","link":"https:\/\/jeffersonisac.adv.br\/index.php\/2023\/09\/19\/camara-divulga-ganhadores-do-premio-nise-da-silveira-2023\/","title":{"rendered":"C\u00e2mara divulga ganhadores do Pr\u00eamio Nise da Silveira 2023"},"content":{"rendered":"<div class=\"image-container\">\n<div class=\"media-wrapper\"><\/div>\n<div class=\"midia-legenda\"><\/div>\n<\/div>\n<p>A C\u00e2mara dos Deputados divulgou a lista das pessoas e institui\u00e7\u00f5es que v\u00e3o receber o Pr\u00eamio Nise da Silveira de Boas Pr\u00e1ticas e Inclus\u00e3o em Sa\u00fade Mental 2023.\u00a0O pr\u00eamio \u00e9 uma forma de reconhecer e incentivar aqueles que contribu\u00edram na pol\u00edtica de cuidado sustentada no respeito integral \u00e0s pessoas que se encontram em sofrimento ps\u00edquico e situa\u00e7\u00e3o de vulnerabilidade.<\/p>\n<p>Os escolhidos s\u00e3o os seguintes:<\/p>\n<p><strong>Ant\u00f4nio Geraldo da Silva &#8211; Bras\u00edlia (DF)<\/strong>: m\u00e9dico psiquiatra, presidente da Associa\u00e7\u00e3o Brasileira de Psiquiatria. Exerceu v\u00e1rios cargos em institui\u00e7\u00f5es p\u00fablicas e privadas.<\/p>\n<p><strong>Enloucrescer &#8211; Associa\u00e7\u00e3o dos Familiares, Amigos e Usu\u00e1rios do Servi\u00e7o de Sa\u00fade Mental &#8211; Blumenau (SC)<\/strong>: entidade sem fins lucrativos criada em 1998, atende cerca de 500 pessoas por ano oriundas da Rede de Aten\u00e7\u00e3o Psicossocial (Raps). Tem como objetivo promover a cidadania e o fortalecer os princ\u00edpios da reforma psiqui\u00e1trica e da Luta Antimanicomial.<\/p>\n<p><strong>Hospital Psiqui\u00e1trico Dr. Adolfo Bezerra de Menezes &#8211; Parana\u00edba (MS)<\/strong>: entidade filantr\u00f3pica fundada em 1966, de utilidade p\u00fablica municipal, estadual e federal, que atua nas diretrizes da Raps, proporcionado boas pr\u00e1ticas e inclus\u00e3o em sa\u00fade mental.<\/p>\n<p><strong>Marcos Rolin &#8211; Porto Alegre (RS)<\/strong>: foi deputado federal e estadual pelo Rio Grande do Sul. \u00c9 autor da lei da Reforma Psiqui\u00e1trica no RS, primeira legisla\u00e7\u00e3o brasileira sobre o tema e a segunda na Am\u00e9rica Latina. Como deputado federal, apresentou o projeto das Caravanas Nacionais de Direitos Humanos, sendo que a primeira delas, em 2000, inspecionou 20 institui\u00e7\u00f5es manicomiais em sete estados brasileiros.<\/p>\n<p><strong>Paulo Delgado &#8211; Bras\u00edlia (DF)<\/strong>: soci\u00f3logo, p\u00f3s-graduado em Ci\u00eancia Pol\u00edtica, professor universit\u00e1rio, deputado constituinte em 1988, exerceu seis mandatos como deputado federal. \u00c9 autor de in\u00fameras leis que destacam sua luta pela causa da sa\u00fade mental, como Lei da Reforma Psiqui\u00e1trica ou Antimanicomial.<\/p>\n<p><strong>Cerim\u00f4nia<br \/>\n<\/strong>A entrega do pr\u00eamio, que s\u00e3o diplomas de men\u00e7\u00e3o honrosa, est\u00e1 marcada para dia 21 de novembro, \u00e0s 16h, no Sal\u00e3o Nobre da C\u00e2mara dos Deputados, em homenagem ao Dia Mundial da Sa\u00fade Mental, celebrado nesta data.<\/p>\n<p>Mais informa\u00e7\u00f5es est\u00e3o dispon\u00edveis na <a href=\"https:\/\/www2.camara.leg.br\/a-camara\/estruturaadm\/mesa\/segunda-secretaria\/servicos\/premio-nise-da-silveira\">p\u00e1gina do Pr\u00eamio Nise da Silveira.<\/a><\/p>","protected":false},"excerpt":{"rendered":"<p>A C\u00e2mara dos Deputados divulgou a lista das pessoas e institui\u00e7\u00f5es que v\u00e3o receber o Pr\u00eamio Nise da Silveira de Boas Pr\u00e1ticas e Inclus\u00e3o em Sa\u00fade Mental 2023.\u00a0O pr\u00eamio \u00e9 uma forma de reconhecer e incentivar aqueles que contribu\u00edram na pol\u00edtica de cuidado sustentada no respeito integral \u00e0s pessoas que se encontram em sofrimento ps\u00edquico [&hellip;]<\/p>\n","protected":false},"author":0,"featured_media":0,"comment_status":"open","ping_status":"open","sticky":false,"template":"","format":"standard","meta":{"footnotes":""},"categories":[1],"tags":[],"_links":{"self":[{"href":"https:\/\/jeffersonisac.adv.br\/index.php\/wp-json\/wp\/v2\/posts\/2533"}],"collection":[{"href":"https:\/\/jeffersonisac.adv.br\/index.php\/wp-json\/wp\/v2\/posts"}],"about":[{"href":"https:\/\/jeffersonisac.adv.br\/index.php\/wp-json\/wp\/v2\/types\/post"}],"replies":[{"embeddable":true,"href":"https:\/\/jeffersonisac.adv.br\/index.php\/wp-json\/wp\/v2\/comments?post=2533"}],"version-history":[{"count":0,"href":"https:\/\/jeffersonisac.adv.br\/index.php\/wp-json\/wp\/v2\/posts\/2533\/revisions"}],"wp:attachment":[{"href":"https:\/\/jeffersonisac.adv.br\/index.php\/wp-json\/wp\/v2\/media?parent=2533"}],"wp:term":[{"taxonomy":"category","embeddable":true,"href":"https:\/\/jeffersonisac.adv.br\/index.php\/wp-json\/wp\/v2\/categories?post=2533"},{"taxonomy":"post_tag","embeddable":true,"href":"https:\/\/jeffersonisac.adv.br\/index.php\/wp-json\/wp\/v2\/tags?post=2533"}],"curies":[{"name":"wp","href":"https:\/\/api.w.org\/{rel}","templated":true}]}}