{"id":2536,"date":"2023-09-19T13:24:22","date_gmt":"2023-09-19T16:24:22","guid":{"rendered":"https:\/\/jeffersonisac.adv.br\/index.php\/2023\/09\/19\/projeto-reduz-tributos-para-escolas-comprarem-detectores-de-metais\/"},"modified":"2023-09-19T13:24:22","modified_gmt":"2023-09-19T16:24:22","slug":"projeto-reduz-tributos-para-escolas-comprarem-detectores-de-metais","status":"publish","type":"post","link":"https:\/\/jeffersonisac.adv.br\/index.php\/2023\/09\/19\/projeto-reduz-tributos-para-escolas-comprarem-detectores-de-metais\/","title":{"rendered":"Projeto reduz tributos para escolas comprarem detectores de metais"},"content":{"rendered":"<div class=\"image-container\">\n<div class=\"midia-creditos\"><em>Bruno Spada\/C\u00e2mara dos Deputados<\/em><\/div>\n<div class=\"media-wrapper\"><\/div>\n<div class=\"midia-legenda\">O autor da proposta, deputado Dr. Fernando M\u00e1ximo<\/div>\n<\/div>\n<p>O Projeto de Lei 2892\/23 reduz a zero as al\u00edquotas de alguns tributos (<span class=\"termoGlossario\">PIS<\/span>, <span class=\"termoGlossario\">Cofins<\/span>, <span class=\"termoGlossario\">IPI<\/span> e <span class=\"termoGlossario\">Imposto de Importa\u00e7\u00e3o<\/span>) na compra de detectores de metais por institui\u00e7\u00f5es de ensino, religiosas e hospitalares. O texto est\u00e1 em an\u00e1lise na C\u00e2mara dos Deputados.<\/p>\n<p>O autor da proposta, deputado Dr. Fernando M\u00e1ximo (Uni\u00e3o-RO), afirma que os ataques \u00e0s escolas, &#8220;tr\u00e1gicos e preocupantes eventos ocorridos em diferentes partes do mundo, passaram a atormentar os brasileiros&#8221;.<\/p>\n<p>Como resposta a esses eventos, muitos pa\u00edses t\u00eam implementado medidas de seguran\u00e7a nas escolas, como sistemas de vigil\u00e2ncia, treinamento de pessoal e controle de acesso.<\/p>\n<p>\u201cA desonera\u00e7\u00e3o pretende incentivar o uso desses detectores de metais em determinadas \u00e1reas ou setores dessas institui\u00e7\u00f5es, para promover a seguran\u00e7a\u201d, argumenta M\u00e1ximo.<\/p>\n<p><strong>Tramita\u00e7\u00e3o<\/strong><br \/>\nO projeto tramita em <span class=\"termoGlossario\">car\u00e1ter conclusivo<\/span> e ser\u00e1 analisado pelas comiss\u00f5es de Finan\u00e7as e Tributa\u00e7\u00e3o; e de Constitui\u00e7\u00e3o e Justi\u00e7a e de Cidadania.<\/p>\n<p><a href=\"https:\/\/www.camara.leg.br\/noticias\/573454-SAIBA-MAIS-SOBRE-A-TRAMITACAO-DE-PROJETOS-DE-LEI\">Saiba mais sobre a tramita\u00e7\u00e3o de projetos de lei<\/a><\/p>","protected":false},"excerpt":{"rendered":"<p>Bruno Spada\/C\u00e2mara dos Deputados O autor da proposta, deputado Dr. Fernando M\u00e1ximo O Projeto de Lei 2892\/23 reduz a zero as al\u00edquotas de alguns tributos (PIS, Cofins, IPI e Imposto de Importa\u00e7\u00e3o) na compra de detectores de metais por institui\u00e7\u00f5es de ensino, religiosas e hospitalares. O texto est\u00e1 em an\u00e1lise na C\u00e2mara dos Deputados. O [&hellip;]<\/p>\n","protected":false},"author":0,"featured_media":0,"comment_status":"open","ping_status":"open","sticky":false,"template":"","format":"standard","meta":{"footnotes":""},"categories":[1],"tags":[],"_links":{"self":[{"href":"https:\/\/jeffersonisac.adv.br\/index.php\/wp-json\/wp\/v2\/posts\/2536"}],"collection":[{"href":"https:\/\/jeffersonisac.adv.br\/index.php\/wp-json\/wp\/v2\/posts"}],"about":[{"href":"https:\/\/jeffersonisac.adv.br\/index.php\/wp-json\/wp\/v2\/types\/post"}],"replies":[{"embeddable":true,"href":"https:\/\/jeffersonisac.adv.br\/index.php\/wp-json\/wp\/v2\/comments?post=2536"}],"version-history":[{"count":0,"href":"https:\/\/jeffersonisac.adv.br\/index.php\/wp-json\/wp\/v2\/posts\/2536\/revisions"}],"wp:attachment":[{"href":"https:\/\/jeffersonisac.adv.br\/index.php\/wp-json\/wp\/v2\/media?parent=2536"}],"wp:term":[{"taxonomy":"category","embeddable":true,"href":"https:\/\/jeffersonisac.adv.br\/index.php\/wp-json\/wp\/v2\/categories?post=2536"},{"taxonomy":"post_tag","embeddable":true,"href":"https:\/\/jeffersonisac.adv.br\/index.php\/wp-json\/wp\/v2\/tags?post=2536"}],"curies":[{"name":"wp","href":"https:\/\/api.w.org\/{rel}","templated":true}]}}