{"id":2537,"date":"2023-09-19T13:24:22","date_gmt":"2023-09-19T16:24:22","guid":{"rendered":"https:\/\/jeffersonisac.adv.br\/index.php\/2023\/09\/19\/gestores-baianos-apresentam-potencial-do-estado-na-producao-de-energia-limpa\/"},"modified":"2023-09-19T13:24:22","modified_gmt":"2023-09-19T16:24:22","slug":"gestores-baianos-apresentam-potencial-do-estado-na-producao-de-energia-limpa","status":"publish","type":"post","link":"https:\/\/jeffersonisac.adv.br\/index.php\/2023\/09\/19\/gestores-baianos-apresentam-potencial-do-estado-na-producao-de-energia-limpa\/","title":{"rendered":"Gestores baianos apresentam potencial do estado na produ\u00e7\u00e3o de energia limpa"},"content":{"rendered":"<div class=\"image-container\">\n<div class=\"midia-creditos\"><em>Vinicius Loures\/C\u00e2mara dos Deputados<\/em><\/div>\n<div class=\"media-wrapper\"><\/div>\n<div class=\"midia-legenda\">O relator da comiss\u00e3o, deputado Bacelar<\/div>\n<\/div>\n<p>O vice-governador da Bahia, Geraldo J\u00fanior, disse que o estado pode chegar a produzir 60 milh\u00f5es de toneladas de hidrog\u00eanio verde, mas para isso precisar\u00e1 de incentivos para desenvolver novas tecnologias.\u00a0Ele participou de encontro promovido pela comiss\u00e3o especial da C\u00e2mara dos Deputados sobre transi\u00e7\u00e3o energ\u00e9tica realizado em Salvador na \u00faltima sexta-feira (15).<\/p>\n<p>O relator da comiss\u00e3o, deputado Bacelar (PV-BA), disse aos participantes da reuni\u00e3o que o colegiado est\u00e1 trabalhando para construir um marco legal abrangente para o setor.<\/p>\n<p><strong>Lideran\u00e7a baiana<\/strong><br \/>\nBacelar ressaltou o protagonismo baiano na produ\u00e7\u00e3o de energia renov\u00e1vel. &#8220;O tema \u00e9 de extremo interesse da Bahia, que hoje j\u00e1 \u00e9 l\u00edder nacional em produ\u00e7\u00e3o de energia e\u00f3lica, com cerca de 250 parques instalados no estado\u201d, afirmou.<\/p>\n<p>O estado tamb\u00e9m \u00e9 um dos l\u00edderes na gera\u00e7\u00e3o de energia solar fotovoltaica, com 47 parques ativos. Renovar a matriz energ\u00e9tica \u201csignifica elevar e muito as possibilidades de gera\u00e7\u00e3o de emprego e renda dos baianos\u201d, disse Bacelar.<\/p>\n<p><strong>Hidrog\u00eanio verde<\/strong><br \/>\nO secret\u00e1rio de Desenvolvimento Econ\u00f4mico do estado, Angelo Almeida, lembrou que a Bahia foi o primeiro estado do Brasil a implementar um plano para a ind\u00fastria de hidrog\u00eanio verde.<\/p>\n<p>\u201c\u00c9 no Nordeste e, principalmente, na Bahia que o mundo encontrar\u00e1 energia limpa, abundante, segura e barata para tornar realidade o hidrog\u00eanio verde como combust\u00edvel do futuro\u201d, afirmou.<\/p>\n<p>O evento contou ainda com participa\u00e7\u00e3o deputados federais, secret\u00e1rios estaduais, prefeitos e vereadores de munic\u00edpios baianos.<\/p>","protected":false},"excerpt":{"rendered":"<p>Vinicius Loures\/C\u00e2mara dos Deputados O relator da comiss\u00e3o, deputado Bacelar O vice-governador da Bahia, Geraldo J\u00fanior, disse que o estado pode chegar a produzir 60 milh\u00f5es de toneladas de hidrog\u00eanio verde, mas para isso precisar\u00e1 de incentivos para desenvolver novas tecnologias.\u00a0Ele participou de encontro promovido pela comiss\u00e3o especial da C\u00e2mara dos Deputados sobre transi\u00e7\u00e3o energ\u00e9tica [&hellip;]<\/p>\n","protected":false},"author":0,"featured_media":0,"comment_status":"open","ping_status":"open","sticky":false,"template":"","format":"standard","meta":{"footnotes":""},"categories":[1],"tags":[],"_links":{"self":[{"href":"https:\/\/jeffersonisac.adv.br\/index.php\/wp-json\/wp\/v2\/posts\/2537"}],"collection":[{"href":"https:\/\/jeffersonisac.adv.br\/index.php\/wp-json\/wp\/v2\/posts"}],"about":[{"href":"https:\/\/jeffersonisac.adv.br\/index.php\/wp-json\/wp\/v2\/types\/post"}],"replies":[{"embeddable":true,"href":"https:\/\/jeffersonisac.adv.br\/index.php\/wp-json\/wp\/v2\/comments?post=2537"}],"version-history":[{"count":0,"href":"https:\/\/jeffersonisac.adv.br\/index.php\/wp-json\/wp\/v2\/posts\/2537\/revisions"}],"wp:attachment":[{"href":"https:\/\/jeffersonisac.adv.br\/index.php\/wp-json\/wp\/v2\/media?parent=2537"}],"wp:term":[{"taxonomy":"category","embeddable":true,"href":"https:\/\/jeffersonisac.adv.br\/index.php\/wp-json\/wp\/v2\/categories?post=2537"},{"taxonomy":"post_tag","embeddable":true,"href":"https:\/\/jeffersonisac.adv.br\/index.php\/wp-json\/wp\/v2\/tags?post=2537"}],"curies":[{"name":"wp","href":"https:\/\/api.w.org\/{rel}","templated":true}]}}