{"id":2544,"date":"2023-09-19T16:08:15","date_gmt":"2023-09-19T19:08:15","guid":{"rendered":"https:\/\/jeffersonisac.adv.br\/index.php\/2023\/09\/19\/politica-de-qualidade-de-vida-para-profissionais-da-educacao-vira-lei\/"},"modified":"2023-09-19T16:08:15","modified_gmt":"2023-09-19T19:08:15","slug":"politica-de-qualidade-de-vida-para-profissionais-da-educacao-vira-lei","status":"publish","type":"post","link":"https:\/\/jeffersonisac.adv.br\/index.php\/2023\/09\/19\/politica-de-qualidade-de-vida-para-profissionais-da-educacao-vira-lei\/","title":{"rendered":"Pol\u00edtica de qualidade de vida para profissionais da educa\u00e7\u00e3o vira lei"},"content":{"rendered":"<div class=\"image-container\">\n<div class=\"midia-creditos\"><em>Tony Oliveira\/Ag\u00eancia Bras\u00edlia<\/em><\/div>\n<div class=\"media-wrapper\"><\/div>\n<div class=\"midia-legenda\">Governos dever\u00e3o elaborar medidas de prote\u00e7\u00e3o \u00e0 sa\u00fade dos professores<\/div>\n<\/div>\n<p>O presidente da Rep\u00fablica em exerc\u00edcio, Geraldo Alckmin, sancionou na segunda-feira (18) a <a class=\"linkLegislacao\" href=\"https:\/\/www2.camara.gov.br\/legin\/fed\/lei\/2023\/lei-14681-18-setembro-2023-794714-norma-pl.html\">Lei 14.681\/23<\/a>, que cria a Pol\u00edtica de Bem-Estar, Sa\u00fade e Qualidade de Vida no Trabalho e Valoriza\u00e7\u00e3o dos Profissionais da Educa\u00e7\u00e3o.<\/p>\n<p>A lei nortear\u00e1 a elabora\u00e7\u00e3o de planos governamentais, que ser\u00e3o obrigat\u00f3rios para o sistema p\u00fablico e optativos para as institui\u00e7\u00f5es privadas. Os documentos devem prever a\u00e7\u00f5es de aten\u00e7\u00e3o \u00e0 sa\u00fade integral e de preven\u00e7\u00e3o de doen\u00e7as no ambiente educacional, al\u00e9m de estimular pr\u00e1ticas que promovam o bem-estar no trabalho de maneira sustent\u00e1vel, humanizada e duradoura.<\/p>\n<p>A norma nasceu do Projeto de Lei 1540\/21, do ex-deputado Professor Israel Batista (DF)\u00a0e <a href=\"https:\/\/www.camara.leg.br\/proposicoesWeb\/prop_autores;jsessionid=node01h6soshfq4ooueeezy2h32em811490603.node0?idProposicao=2279318\">outros<\/a>, <a href=\"https:\/\/www.camara.leg.br\/noticias\/789779-camara-aprova-projeto-que-cria-politica-de-bem-estar-para-profissionais-da-educacao\/\">aprovado pela C\u00e2mara dos Deputados em 2021<\/a> e pelo Senado Federal em 2023.<\/p>\n<p><strong>Objetivos<\/strong><br \/>\nUni\u00e3o, estados, Distrito Federal e munic\u00edpios t\u00eam o prazo de um ano para elaborar seus planos governamentais. Entre os objetivos das pol\u00edticas p\u00fablicas, est\u00e3o:<br \/>\n&#8211; reduzir as faltas ao trabalho;<br \/>\n&#8211; melhorar o desempenho dos profissionais;<br \/>\n&#8211; promover a forma\u00e7\u00e3o continuada dos trabalhadores da educa\u00e7\u00e3o, incentivando a inova\u00e7\u00e3o e a autonomia; e<br \/>\n&#8211; evitar que professores e auxiliares adoe\u00e7am, com \u00eanfase na sa\u00fade integral.<\/p>\n<p><strong>Resultados<\/strong><br \/>\nPara medir os resultados e os impactos no clima organizacional, os planos devem conter indicadores de gest\u00e3o e instrumentos de avalia\u00e7\u00e3o das metas. As avalia\u00e7\u00f5es ser\u00e3o publicadas anualmente e ao final da gest\u00e3o do respectivo chefe do Poder Executivo.<\/p>\n<p>Tamb\u00e9m \u00e9 obrigat\u00f3rio o acompanhamento dos dados relativos a faltas, readapta\u00e7\u00e3o funcional e acidentes de trabalho, entre outros indicativos.<\/p>\n<p><strong>Diretrizes<\/strong><br \/>\nEntre as diretrizes previstas na lei, est\u00e3o:<br \/>\n&#8211; estabelecer rela\u00e7\u00f5es interpessoais no trabalho com foco na media\u00e7\u00e3o e na harmonia entre os profissionais;<br \/>\n&#8211; engajar os funcion\u00e1rios para atuarem no planejamento da institui\u00e7\u00e3o e em a\u00e7\u00f5es que visem \u00e0 cont\u00ednua melhoria das condi\u00e7\u00f5es de trabalho; e<br \/>\n&#8211; implementar medidas de prote\u00e7\u00e3o \u00e0 sa\u00fade integral.<\/p>","protected":false},"excerpt":{"rendered":"<p>Tony Oliveira\/Ag\u00eancia Bras\u00edlia Governos dever\u00e3o elaborar medidas de prote\u00e7\u00e3o \u00e0 sa\u00fade dos professores O presidente da Rep\u00fablica em exerc\u00edcio, Geraldo Alckmin, sancionou na segunda-feira (18) a Lei 14.681\/23, que cria a Pol\u00edtica de Bem-Estar, Sa\u00fade e Qualidade de Vida no Trabalho e Valoriza\u00e7\u00e3o dos Profissionais da Educa\u00e7\u00e3o. A lei nortear\u00e1 a elabora\u00e7\u00e3o de planos governamentais, [&hellip;]<\/p>\n","protected":false},"author":0,"featured_media":0,"comment_status":"open","ping_status":"open","sticky":false,"template":"","format":"standard","meta":{"footnotes":""},"categories":[1],"tags":[],"_links":{"self":[{"href":"https:\/\/jeffersonisac.adv.br\/index.php\/wp-json\/wp\/v2\/posts\/2544"}],"collection":[{"href":"https:\/\/jeffersonisac.adv.br\/index.php\/wp-json\/wp\/v2\/posts"}],"about":[{"href":"https:\/\/jeffersonisac.adv.br\/index.php\/wp-json\/wp\/v2\/types\/post"}],"replies":[{"embeddable":true,"href":"https:\/\/jeffersonisac.adv.br\/index.php\/wp-json\/wp\/v2\/comments?post=2544"}],"version-history":[{"count":0,"href":"https:\/\/jeffersonisac.adv.br\/index.php\/wp-json\/wp\/v2\/posts\/2544\/revisions"}],"wp:attachment":[{"href":"https:\/\/jeffersonisac.adv.br\/index.php\/wp-json\/wp\/v2\/media?parent=2544"}],"wp:term":[{"taxonomy":"category","embeddable":true,"href":"https:\/\/jeffersonisac.adv.br\/index.php\/wp-json\/wp\/v2\/categories?post=2544"},{"taxonomy":"post_tag","embeddable":true,"href":"https:\/\/jeffersonisac.adv.br\/index.php\/wp-json\/wp\/v2\/tags?post=2544"}],"curies":[{"name":"wp","href":"https:\/\/api.w.org\/{rel}","templated":true}]}}