{"id":2545,"date":"2023-09-19T16:08:15","date_gmt":"2023-09-19T19:08:15","guid":{"rendered":"https:\/\/jeffersonisac.adv.br\/index.php\/2023\/09\/19\/lei-cria-52-funcoes-comissionadas-no-trt-de-teresina\/"},"modified":"2023-09-19T16:08:15","modified_gmt":"2023-09-19T19:08:15","slug":"lei-cria-52-funcoes-comissionadas-no-trt-de-teresina","status":"publish","type":"post","link":"https:\/\/jeffersonisac.adv.br\/index.php\/2023\/09\/19\/lei-cria-52-funcoes-comissionadas-no-trt-de-teresina\/","title":{"rendered":"Lei cria 52 fun\u00e7\u00f5es comissionadas no TRT de Teresina"},"content":{"rendered":"<div class=\"image-container\">\n<div class=\"midia-creditos\"><em>Divulga\u00e7\u00e3o\/CNJ<\/em><\/div>\n<div class=\"media-wrapper\"><\/div>\n<div class=\"midia-legenda\">Fachada da Sede do TRT 22\u00aa Regi\u00e3o<\/div>\n<\/div>\n<p>O presidente em exerc\u00edcio, Geraldo Alckmin, sancionou a <a class=\"linkLegislacao\" href=\"https:\/\/www2.camara.gov.br\/legin\/fed\/lei\/2023\/lei-14677-18-setembro-2023-794710-norma-pl.html\">Lei 14.677\/23<\/a>, que cria 52 fun\u00e7\u00f5es comissionadas no Tribunal Regional do Trabalho (TRT) da 22\u00aa Regi\u00e3o, com sede em Teresina (PI). A norma foi publicada no Di\u00e1rio Oficial da Uni\u00e3o desta ter\u00e7a-feira (19).<\/p>\n<p>O <a class=\"linkProposicao\" href=\"https:\/\/www.camara.leg.br\/noticias\/459490-proposta-cria-52-funcoes-comissionadas-no-trt-de-teresina\">Projeto de Lei 8310\/14<\/a>, que deu origem \u00e0 lei, foi apresentado pelo Tribunal Superior do Trabalho (TST) com o objetivo de regularizar fun\u00e7\u00f5es comissionadas criadas por ato administrativo interno do TRT. Embora baseados em atos e resolu\u00e7\u00f5es do Poder Judici\u00e1rio, esse atos foram considerados irregulares.<\/p>\n<p>A nova lei convalida as medidas tomadas por servidores no exerc\u00edcio dessas fun\u00e7\u00f5es, assim os efeitos financeiros decorrentes delas.<\/p>\n<p>As fun\u00e7\u00f5es criadas s\u00e3o divididas da seguinte maneira:<\/p>\n<p>FC-1 &#8211; 17 cargos;<br \/>\nFC-4 &#8211; 23 cargos; e<br \/>\nFC-5 &#8211; 12 cargos.<\/p>\n<p>A <a href=\"https:\/\/www.camara.leg.br\/noticias\/520769-CAMARA-APROVA-CRIACAO-DE-CARGOS-COMISSIONADOS-NO-TRT-PI\">C\u00e2mara aprovou o texto em 2017<\/a> e o Senado em agosto deste ano.\u00a0As despesas da cria\u00e7\u00e3o desses 52 novos cargos ser\u00e3o cobertas pelos recursos or\u00e7ament\u00e1rios do TRT da 22\u00aa Regi\u00e3o previstos no Or\u00e7amento da Uni\u00e3o.<\/p>","protected":false},"excerpt":{"rendered":"<p>Divulga\u00e7\u00e3o\/CNJ Fachada da Sede do TRT 22\u00aa Regi\u00e3o O presidente em exerc\u00edcio, Geraldo Alckmin, sancionou a Lei 14.677\/23, que cria 52 fun\u00e7\u00f5es comissionadas no Tribunal Regional do Trabalho (TRT) da 22\u00aa Regi\u00e3o, com sede em Teresina (PI). A norma foi publicada no Di\u00e1rio Oficial da Uni\u00e3o desta ter\u00e7a-feira (19). O Projeto de Lei 8310\/14, que [&hellip;]<\/p>\n","protected":false},"author":0,"featured_media":0,"comment_status":"open","ping_status":"open","sticky":false,"template":"","format":"standard","meta":{"footnotes":""},"categories":[1],"tags":[],"_links":{"self":[{"href":"https:\/\/jeffersonisac.adv.br\/index.php\/wp-json\/wp\/v2\/posts\/2545"}],"collection":[{"href":"https:\/\/jeffersonisac.adv.br\/index.php\/wp-json\/wp\/v2\/posts"}],"about":[{"href":"https:\/\/jeffersonisac.adv.br\/index.php\/wp-json\/wp\/v2\/types\/post"}],"replies":[{"embeddable":true,"href":"https:\/\/jeffersonisac.adv.br\/index.php\/wp-json\/wp\/v2\/comments?post=2545"}],"version-history":[{"count":0,"href":"https:\/\/jeffersonisac.adv.br\/index.php\/wp-json\/wp\/v2\/posts\/2545\/revisions"}],"wp:attachment":[{"href":"https:\/\/jeffersonisac.adv.br\/index.php\/wp-json\/wp\/v2\/media?parent=2545"}],"wp:term":[{"taxonomy":"category","embeddable":true,"href":"https:\/\/jeffersonisac.adv.br\/index.php\/wp-json\/wp\/v2\/categories?post=2545"},{"taxonomy":"post_tag","embeddable":true,"href":"https:\/\/jeffersonisac.adv.br\/index.php\/wp-json\/wp\/v2\/tags?post=2545"}],"curies":[{"name":"wp","href":"https:\/\/api.w.org\/{rel}","templated":true}]}}