{"id":2551,"date":"2023-09-19T18:58:48","date_gmt":"2023-09-19T21:58:48","guid":{"rendered":"https:\/\/jeffersonisac.adv.br\/index.php\/2023\/09\/19\/marcos-pereira-destaca-acolhimento-de-israel-aos-judeus-etiopes-que-fugiam-de-perseguicoes\/"},"modified":"2023-09-19T18:58:48","modified_gmt":"2023-09-19T21:58:48","slug":"marcos-pereira-destaca-acolhimento-de-israel-aos-judeus-etiopes-que-fugiam-de-perseguicoes","status":"publish","type":"post","link":"https:\/\/jeffersonisac.adv.br\/index.php\/2023\/09\/19\/marcos-pereira-destaca-acolhimento-de-israel-aos-judeus-etiopes-que-fugiam-de-perseguicoes\/","title":{"rendered":"Marcos Pereira destaca acolhimento de Israel aos judeus et\u00edopes que fugiam de persegui\u00e7\u00f5es"},"content":{"rendered":"<div class=\"image-container\">\n<div class=\"midia-creditos\"><em>Acervo C\u00e2mara dos Deputados<\/em><\/div>\n<div class=\"media-wrapper\"><\/div>\n<div class=\"midia-legenda\">Marcos Pereira salientou a for\u00e7a da tradi\u00e7\u00e3o judaica<\/div>\n<\/div>\n<p>O presidente em exerc\u00edcio da C\u00e2mara dos Deputados, Marcos Pereira (Republicanos-SP), destacou as a\u00e7\u00f5es migrat\u00f3rias e a pol\u00edtica de acolhimento de Israel aos judeus et\u00edopes que fugiam da persegui\u00e7\u00e3o pol\u00edtica e religiosa em seu pa\u00eds. Pereira participou da inaugura\u00e7\u00e3o da exposi\u00e7\u00e3o Homenagem aos Judeus Et\u00edopes&#8221;, do jornalista Sionei Ricardo Le\u00e3o. O evento narra a epopeia dos milhares de judeus et\u00edopes que foram levados em momentos diferentes da \u00c1frica para o Oriente M\u00e9dio, com o objetivo de escapar das persegui\u00e7\u00f5es pol\u00edticas e religiosas e das dificuldades socioecon\u00f4micas.<\/p>\n<p>Dezenas de milhares de integrantes desse grupo foram removidos da Eti\u00f3pia para Israel na d\u00e9cada de 80 e in\u00edcio da d\u00e9cada de 90, atrav\u00e9s do Sud\u00e3o, em tr\u00eas diferentes opera\u00e7\u00f5es massivas de resgate. O caso, conhecido como Beta Israel, provavelmente \u00e9 o \u00fanico de migra\u00e7\u00e3o em larga escala de africanos motivada por causas humanit\u00e1rias.<\/p>\n<p>Marcos Pereira salientou a pol\u00edtica migrat\u00f3ria de Israel e a for\u00e7a da tradi\u00e7\u00e3o judaica. \u201cA saga dos judeus et\u00edopes que migraram para Israel \u00e9 o \u00fanico epis\u00f3dio conhecido na hist\u00f3ria da humanidade em que negros, pobres e perseguidos partiram da \u00c1frica para uma melhor situa\u00e7\u00e3o econ\u00f4mica e social e n\u00e3o para a escravid\u00e3o\u201d, disse na abertura do evento.<\/p>","protected":false},"excerpt":{"rendered":"<p>Acervo C\u00e2mara dos Deputados Marcos Pereira salientou a for\u00e7a da tradi\u00e7\u00e3o judaica O presidente em exerc\u00edcio da C\u00e2mara dos Deputados, Marcos Pereira (Republicanos-SP), destacou as a\u00e7\u00f5es migrat\u00f3rias e a pol\u00edtica de acolhimento de Israel aos judeus et\u00edopes que fugiam da persegui\u00e7\u00e3o pol\u00edtica e religiosa em seu pa\u00eds. Pereira participou da inaugura\u00e7\u00e3o da exposi\u00e7\u00e3o Homenagem aos [&hellip;]<\/p>\n","protected":false},"author":0,"featured_media":0,"comment_status":"open","ping_status":"open","sticky":false,"template":"","format":"standard","meta":{"footnotes":""},"categories":[1],"tags":[],"_links":{"self":[{"href":"https:\/\/jeffersonisac.adv.br\/index.php\/wp-json\/wp\/v2\/posts\/2551"}],"collection":[{"href":"https:\/\/jeffersonisac.adv.br\/index.php\/wp-json\/wp\/v2\/posts"}],"about":[{"href":"https:\/\/jeffersonisac.adv.br\/index.php\/wp-json\/wp\/v2\/types\/post"}],"replies":[{"embeddable":true,"href":"https:\/\/jeffersonisac.adv.br\/index.php\/wp-json\/wp\/v2\/comments?post=2551"}],"version-history":[{"count":0,"href":"https:\/\/jeffersonisac.adv.br\/index.php\/wp-json\/wp\/v2\/posts\/2551\/revisions"}],"wp:attachment":[{"href":"https:\/\/jeffersonisac.adv.br\/index.php\/wp-json\/wp\/v2\/media?parent=2551"}],"wp:term":[{"taxonomy":"category","embeddable":true,"href":"https:\/\/jeffersonisac.adv.br\/index.php\/wp-json\/wp\/v2\/categories?post=2551"},{"taxonomy":"post_tag","embeddable":true,"href":"https:\/\/jeffersonisac.adv.br\/index.php\/wp-json\/wp\/v2\/tags?post=2551"}],"curies":[{"name":"wp","href":"https:\/\/api.w.org\/{rel}","templated":true}]}}