{"id":2552,"date":"2023-09-19T18:58:48","date_gmt":"2023-09-19T21:58:48","guid":{"rendered":"https:\/\/jeffersonisac.adv.br\/index.php\/2023\/09\/19\/camara-faz-1-minuto-de-silencio-pelas-vitimas-de-desastre-no-rs\/"},"modified":"2023-09-19T18:58:48","modified_gmt":"2023-09-19T21:58:48","slug":"camara-faz-1-minuto-de-silencio-pelas-vitimas-de-desastre-no-rs","status":"publish","type":"post","link":"https:\/\/jeffersonisac.adv.br\/index.php\/2023\/09\/19\/camara-faz-1-minuto-de-silencio-pelas-vitimas-de-desastre-no-rs\/","title":{"rendered":"C\u00e2mara faz 1 minuto de sil\u00eancio pelas v\u00edtimas de desastre no RS"},"content":{"rendered":"<div class=\"image-container\">\n<div class=\"midia-creditos\"><em>Zeca Ribeiro\/C\u00e2mara dos Deputados<\/em><\/div>\n<div class=\"media-wrapper\"><\/div>\n<div class=\"midia-legenda\">Deputados em sess\u00e3o do Plen\u00e1rio<\/div>\n<\/div>\n<p>O Plen\u00e1rio da C\u00e2mara dos Deputados fez 1 minuto de sil\u00eancio nesta ter\u00e7a-feira (19) para lembrar as v\u00edtimas dos desastres no Rio Grande do Sul. A passagem de um ciclone extratropical atingiu diversos munic\u00edpios e deixou cerca de 50 mortos e alguns desaparecidos.<\/p>\n<p>A homenagem foi feita durante a vota\u00e7\u00e3o do pedido para incluir na pauta de vota\u00e7\u00f5es o <a href=\"https:\/\/www.camara.leg.br\/noticias\/996864-PROJETO-RECONHECE-ESTADO-DE-CALAMIDADE-E-SUSPENDE-REGRAS-DE-RESPONSABILIDADE-FISCAL-NO-RS\">Projeto de Decreto Legislativo 321\/23<\/a>, que reconhece calamidade p\u00fablica at\u00e9 2024 no estado. O objetivo \u00e9 direcionar mais recursos para o RS.<\/p>\n<p>A homenagem foi solicitada pelo deputado Marcel van Hattem (Novo-RS). &#8220;Foi a cat\u00e1strofe clim\u00e1tica mais grave da nossa hist\u00f3ria, pessoas que perderam absolutamente tudo e n\u00e3o t\u00eam como recome\u00e7ar&#8221;, disse. Ele agradeceu \u00e0 solidariedade de todos os brasileiros que fizeram doa\u00e7\u00f5es aos atingidos.<\/p>","protected":false},"excerpt":{"rendered":"<p>Zeca Ribeiro\/C\u00e2mara dos Deputados Deputados em sess\u00e3o do Plen\u00e1rio O Plen\u00e1rio da C\u00e2mara dos Deputados fez 1 minuto de sil\u00eancio nesta ter\u00e7a-feira (19) para lembrar as v\u00edtimas dos desastres no Rio Grande do Sul. A passagem de um ciclone extratropical atingiu diversos munic\u00edpios e deixou cerca de 50 mortos e alguns desaparecidos. A homenagem foi [&hellip;]<\/p>\n","protected":false},"author":0,"featured_media":0,"comment_status":"open","ping_status":"open","sticky":false,"template":"","format":"standard","meta":{"footnotes":""},"categories":[1],"tags":[],"_links":{"self":[{"href":"https:\/\/jeffersonisac.adv.br\/index.php\/wp-json\/wp\/v2\/posts\/2552"}],"collection":[{"href":"https:\/\/jeffersonisac.adv.br\/index.php\/wp-json\/wp\/v2\/posts"}],"about":[{"href":"https:\/\/jeffersonisac.adv.br\/index.php\/wp-json\/wp\/v2\/types\/post"}],"replies":[{"embeddable":true,"href":"https:\/\/jeffersonisac.adv.br\/index.php\/wp-json\/wp\/v2\/comments?post=2552"}],"version-history":[{"count":0,"href":"https:\/\/jeffersonisac.adv.br\/index.php\/wp-json\/wp\/v2\/posts\/2552\/revisions"}],"wp:attachment":[{"href":"https:\/\/jeffersonisac.adv.br\/index.php\/wp-json\/wp\/v2\/media?parent=2552"}],"wp:term":[{"taxonomy":"category","embeddable":true,"href":"https:\/\/jeffersonisac.adv.br\/index.php\/wp-json\/wp\/v2\/categories?post=2552"},{"taxonomy":"post_tag","embeddable":true,"href":"https:\/\/jeffersonisac.adv.br\/index.php\/wp-json\/wp\/v2\/tags?post=2552"}],"curies":[{"name":"wp","href":"https:\/\/api.w.org\/{rel}","templated":true}]}}