{"id":2556,"date":"2023-09-19T21:22:36","date_gmt":"2023-09-20T00:22:36","guid":{"rendered":"https:\/\/jeffersonisac.adv.br\/index.php\/2023\/09\/19\/camara-aprova-regime-de-urgencia-para-dez-projetos-de-lei\/"},"modified":"2023-09-19T21:22:36","modified_gmt":"2023-09-20T00:22:36","slug":"camara-aprova-regime-de-urgencia-para-dez-projetos-de-lei","status":"publish","type":"post","link":"https:\/\/jeffersonisac.adv.br\/index.php\/2023\/09\/19\/camara-aprova-regime-de-urgencia-para-dez-projetos-de-lei\/","title":{"rendered":"C\u00e2mara aprova regime de urg\u00eancia para dez projetos de lei"},"content":{"rendered":"<div class=\"image-container\">\n<div class=\"midia-creditos\"><em>Zeca Ribeiro\/C\u00e2mara dos Deputados<\/em><\/div>\n<div class=\"media-wrapper\"><\/div>\n<div class=\"midia-legenda\">Deputados em sess\u00e3o do Plen\u00e1rio<\/div>\n<\/div>\n<p>A C\u00e2mara dos Deputados aprovou nesta ter\u00e7a-feira (19) dez requerimentos de <span class=\"termoGlossario\">urg\u00eancia<\/span> para projetos de lei de autoria de parlamentares. Confira:<\/p>\n<p>&#8211; <a class=\"linkProposicao\" href=\"https:\/\/www.camara.leg.br\/noticias\/848359-projeto-aumenta-penas-de-crimes-violentos-ou-sexuais-praticados-contra-criancas-e-adolescentes%E2%80%A8\">PL 4224\/21<\/a>, do deputado Osmar Terra (MDB-RS), que aumenta penas para crimes contra crian\u00e7as e adolescentes;<\/p>\n<p>&#8211; PL 10733\/18, da deputada Laura Carneiro (PSD-RJ), que torna toda pessoa doadora de \u00f3rg\u00e3o, desde que n\u00e3o haja manifesta\u00e7\u00e3o em contr\u00e1rio;<\/p>\n<p>&#8211; <a class=\"linkProposicao\" href=\"https:\/\/www.camara.leg.br\/noticias\/996864-projeto-reconhece-estado-de-calamidade-e-suspende-regras-de-responsabilidade-fiscal-no-rs\">PDL 321\/23<\/a>, do Senado, que reconhece estado de calamidade p\u00fablica no estado do Rio Grande do Sul e nas cidades atingidas por fortes chuvas para fins de dispensa de restri\u00e7\u00f5es da <span class=\"termoGlossario\">Lei de Responsabilidade Fiscal<\/span>;<\/p>\n<p>&#8211; PL 1768\/23, do deputado Eun\u00edcio Oliveira (MDB-CE), que reabre prazo para repactua\u00e7\u00e3o de d\u00edvidas de cr\u00e9dito rural e estende as condi\u00e7\u00f5es previstas na <a class=\"linkLegislacao\" href=\"https:\/\/www2.camara.gov.br\/legin\/fed\/lei\/2006\/lei-11322-13-julho-2006-544556-norma-pl.html\">Lei 11.322\/06<\/a> a d\u00edvidas contra\u00eddas por microempreendedor individual (MEI);<\/p>\n<p>&#8211; PL 3974\/15, da ex-deputada e atual senadora Mara Gabrilli (PSD-SP), que concede pens\u00e3o especial \u00e0 pessoa com microcefalia ou com S\u00edndrome de Guillain-Barr\u00e9, decorrentes do zika v\u00edrus;<\/p>\n<p>&#8211; <a class=\"linkProposicao\" href=\"https:\/\/www.camara.leg.br\/noticias\/486050-projeto-destina-recursos-para-superacao-das-desigualdades-raciais\">PLP 221\/16<\/a>, da deputada Laura Carneiro e outros, que inclui como objetivo do Fundo de Combate e Erradica\u00e7\u00e3o da Pobreza a aplica\u00e7\u00e3o de recursos na supera\u00e7\u00e3o das desigualdades raciais;<\/p>\n<p>&#8211; PL 3466\/23, do deputado Celso Russomanno (Republicanos-SP), que institui o dia 29 de outubro como o Dia Nacional do Hematologista e Hemoterapeuta;<\/p>\n<p>&#8211; <a class=\"linkProposicao\" href=\"https:\/\/www.camara.leg.br\/noticias\/438355-sus-podera-oferecer-tratamento-multidisciplinar-para-fibromialgia\">PL 3525\/19<\/a>, da deputada Erika Kokay (PT-DF), que estabelece diretrizes gerais para o atendimento prestado pelo Sistema \u00danico de Sa\u00fade (SUS) \u00e0s pessoas com S\u00edndrome de Fibromialgia ou Fadiga Cr\u00f4nica;<\/p>\n<p>&#8211; PL 2012\/22, do Senado, que aprimora os instrumentos de preven\u00e7\u00e3o de desastres e recupera\u00e7\u00e3o de \u00e1reas atingidas, as a\u00e7\u00f5es de monitoramento de riscos de desastres e a produ\u00e7\u00e3o de alertas antecipados;<\/p>\n<p>&#8211; PL 4358\/23, da deputada Maria Arraes (Solidariedade-PE), que institui o Certificado Empresa Promotora da Sa\u00fade Mental.<\/p>\n<p><a href=\"https:\/\/www.camara.leg.br\/noticias\/573454-SAIBA-MAIS-SOBRE-A-TRAMITACAO-DE-PROJETOS-DE-LEI\">Saiba mais sobre a tramita\u00e7\u00e3o de projetos de lei<\/a><\/p>","protected":false},"excerpt":{"rendered":"<p>Zeca Ribeiro\/C\u00e2mara dos Deputados Deputados em sess\u00e3o do Plen\u00e1rio A C\u00e2mara dos Deputados aprovou nesta ter\u00e7a-feira (19) dez requerimentos de urg\u00eancia para projetos de lei de autoria de parlamentares. Confira: &#8211; PL 4224\/21, do deputado Osmar Terra (MDB-RS), que aumenta penas para crimes contra crian\u00e7as e adolescentes; &#8211; PL 10733\/18, da deputada Laura Carneiro (PSD-RJ), [&hellip;]<\/p>\n","protected":false},"author":0,"featured_media":0,"comment_status":"open","ping_status":"open","sticky":false,"template":"","format":"standard","meta":{"footnotes":""},"categories":[1],"tags":[],"_links":{"self":[{"href":"https:\/\/jeffersonisac.adv.br\/index.php\/wp-json\/wp\/v2\/posts\/2556"}],"collection":[{"href":"https:\/\/jeffersonisac.adv.br\/index.php\/wp-json\/wp\/v2\/posts"}],"about":[{"href":"https:\/\/jeffersonisac.adv.br\/index.php\/wp-json\/wp\/v2\/types\/post"}],"replies":[{"embeddable":true,"href":"https:\/\/jeffersonisac.adv.br\/index.php\/wp-json\/wp\/v2\/comments?post=2556"}],"version-history":[{"count":0,"href":"https:\/\/jeffersonisac.adv.br\/index.php\/wp-json\/wp\/v2\/posts\/2556\/revisions"}],"wp:attachment":[{"href":"https:\/\/jeffersonisac.adv.br\/index.php\/wp-json\/wp\/v2\/media?parent=2556"}],"wp:term":[{"taxonomy":"category","embeddable":true,"href":"https:\/\/jeffersonisac.adv.br\/index.php\/wp-json\/wp\/v2\/categories?post=2556"},{"taxonomy":"post_tag","embeddable":true,"href":"https:\/\/jeffersonisac.adv.br\/index.php\/wp-json\/wp\/v2\/tags?post=2556"}],"curies":[{"name":"wp","href":"https:\/\/api.w.org\/{rel}","templated":true}]}}