{"id":2563,"date":"2023-09-20T09:47:08","date_gmt":"2023-09-20T12:47:08","guid":{"rendered":"https:\/\/jeffersonisac.adv.br\/index.php\/2023\/09\/20\/projeto-fixa-competencia-de-agente-de-protecao-de-iniciar-procedimento-de-infracao-ao-eca\/"},"modified":"2023-09-20T09:47:08","modified_gmt":"2023-09-20T12:47:08","slug":"projeto-fixa-competencia-de-agente-de-protecao-de-iniciar-procedimento-de-infracao-ao-eca","status":"publish","type":"post","link":"https:\/\/jeffersonisac.adv.br\/index.php\/2023\/09\/20\/projeto-fixa-competencia-de-agente-de-protecao-de-iniciar-procedimento-de-infracao-ao-eca\/","title":{"rendered":"Projeto fixa compet\u00eancia de agente de prote\u00e7\u00e3o de iniciar procedimento de infra\u00e7\u00e3o ao ECA"},"content":{"rendered":"<div class=\"image-container\">\n<div class=\"midia-creditos\"><em>Vinicius Loures\/C\u00e2mara dos Deputados<\/em><\/div>\n<div class=\"media-wrapper\"><\/div>\n<div class=\"midia-legenda\">Professor Paulo \u00e9 o autor da proposta<\/div>\n<\/div>\n<p>O Projeto de Lei 1937\/23 estabelece que o procedimento para punir infra\u00e7\u00e3o \u00e0s normas de prote\u00e7\u00e3o \u00e0 crian\u00e7a e ao adolescente poder\u00e1 come\u00e7ar por representa\u00e7\u00e3o dos seguintes \u00f3rg\u00e3os:<\/p>\n<p>do Minist\u00e9rio P\u00fablico,<br \/>\nda Vara da Inf\u00e2ncia e Juventude,<br \/>\ndo Conselho Tutelar,<br \/>\nauto de infra\u00e7\u00e3o elaborado por servidor efetivo ou agente de prote\u00e7\u00e3o.<\/p>\n<p>Em an\u00e1lise na C\u00e2mara dos Deputados, o texto altera o Estatuto da Crian\u00e7a e do Adolescente (ECA).<\/p>\n<p><strong>Como \u00e9 hoje<\/strong><br \/>\nHoje o procedimento pode come\u00e7ar por representa\u00e7\u00e3o do Minist\u00e9rio P\u00fablico ou do Conselho Tutelar, ou por auto de infra\u00e7\u00e3o elaborado por servidor efetivo ou volunt\u00e1rio credenciado.<\/p>\n<p>O projeto exclui o volunt\u00e1rio credenciado e inclui a Vara da Inf\u00e2ncia e Juventude e os agentes de prote\u00e7\u00e3o.<\/p>\n<p><strong>Agentes de prote\u00e7\u00e3o<\/strong><br \/>\nO autor da proposta, deputado Prof. Paulo (Republicanos-DF), lembra que o antigo C\u00f3digo de Menores usava o termo \u201ccomiss\u00e1rio de menores\u201d. Esse c\u00f3digo foi revogado e deu lugar ao Estatuto da Crian\u00e7a e do Adolescente, que atribui as a\u00e7\u00f5es de fiscaliza\u00e7\u00e3o a servidor efetivo ou volunt\u00e1rio. J\u00e1 leis e portarias estaduais usam nomenclaturas diversas.<\/p>\n<p>Segundo o deputado, a nomenclatura de agente de prote\u00e7\u00e3o confere maior credibilidade social porque &#8220;agrega o real significado da fun\u00e7\u00e3o, ou seja, resguardar e proteger os direitos e deveres da crian\u00e7a e do adolescente no territ\u00f3rio nacional&#8221;.<\/p>\n<p>Os agentes de prote\u00e7\u00e3o s\u00e3o credenciados, pelo juiz titular da Vara da Inf\u00e2ncia, entre pessoas id\u00f4neas e merecedoras de confian\u00e7a. De modo geral, s\u00e3o auxiliares que atuam em a\u00e7\u00f5es de fiscaliza\u00e7\u00e3o, orienta\u00e7\u00e3o e prote\u00e7\u00e3o dos direitos das crian\u00e7as e dos adolescentes.<\/p>\n<p>Prof. Paulo cita algumas dessas a\u00e7\u00f5es, como escoltas de adolescentes em conflito com a lei, fiscaliza\u00e7\u00f5es em hot\u00e9is, mot\u00e9is e pens\u00f5es, bailes ou boates.<\/p>\n<p>\u201cS\u00e3o agentes p\u00fablicos muito vulner\u00e1veis \u00e0s a\u00e7\u00f5es violentas, tendo em vista as circunst\u00e2ncias como conduzem seus trabalhos, sendo certo que nem sempre a for\u00e7a policial requisitada chega em tempo h\u00e1bil\u201d, disse.<\/p>\n<p><strong>Tramita\u00e7\u00e3o<br \/>\n<\/strong>A proposta ser\u00e1 analisada em <span class=\"termoGlossario\">car\u00e1ter conclusivo<\/span> pelas comiss\u00f5es de Previd\u00eancia, Assist\u00eancia Social, Inf\u00e2ncia, Adolesc\u00eancia e Fam\u00edlia; e de Constitui\u00e7\u00e3o e Justi\u00e7a e de Cidadania.<\/p>\n<p><a href=\"https:\/\/www.camara.leg.br\/noticias\/573454-SAIBA-MAIS-SOBRE-A-TRAMITACAO-DE-PROJETOS-DE-LEI\">Saiba mais sobre a tramita\u00e7\u00e3o de projetos de lei<\/a><\/p>","protected":false},"excerpt":{"rendered":"<p>Vinicius Loures\/C\u00e2mara dos Deputados Professor Paulo \u00e9 o autor da proposta O Projeto de Lei 1937\/23 estabelece que o procedimento para punir infra\u00e7\u00e3o \u00e0s normas de prote\u00e7\u00e3o \u00e0 crian\u00e7a e ao adolescente poder\u00e1 come\u00e7ar por representa\u00e7\u00e3o dos seguintes \u00f3rg\u00e3os: do Minist\u00e9rio P\u00fablico, da Vara da Inf\u00e2ncia e Juventude, do Conselho Tutelar, auto de infra\u00e7\u00e3o elaborado [&hellip;]<\/p>\n","protected":false},"author":0,"featured_media":0,"comment_status":"open","ping_status":"open","sticky":false,"template":"","format":"standard","meta":{"footnotes":""},"categories":[1],"tags":[],"_links":{"self":[{"href":"https:\/\/jeffersonisac.adv.br\/index.php\/wp-json\/wp\/v2\/posts\/2563"}],"collection":[{"href":"https:\/\/jeffersonisac.adv.br\/index.php\/wp-json\/wp\/v2\/posts"}],"about":[{"href":"https:\/\/jeffersonisac.adv.br\/index.php\/wp-json\/wp\/v2\/types\/post"}],"replies":[{"embeddable":true,"href":"https:\/\/jeffersonisac.adv.br\/index.php\/wp-json\/wp\/v2\/comments?post=2563"}],"version-history":[{"count":0,"href":"https:\/\/jeffersonisac.adv.br\/index.php\/wp-json\/wp\/v2\/posts\/2563\/revisions"}],"wp:attachment":[{"href":"https:\/\/jeffersonisac.adv.br\/index.php\/wp-json\/wp\/v2\/media?parent=2563"}],"wp:term":[{"taxonomy":"category","embeddable":true,"href":"https:\/\/jeffersonisac.adv.br\/index.php\/wp-json\/wp\/v2\/categories?post=2563"},{"taxonomy":"post_tag","embeddable":true,"href":"https:\/\/jeffersonisac.adv.br\/index.php\/wp-json\/wp\/v2\/tags?post=2563"}],"curies":[{"name":"wp","href":"https:\/\/api.w.org\/{rel}","templated":true}]}}