{"id":2564,"date":"2023-09-20T09:47:08","date_gmt":"2023-09-20T12:47:08","guid":{"rendered":"https:\/\/jeffersonisac.adv.br\/index.php\/2023\/09\/20\/comissao-que-fiscaliza-rompimentos-de-barragens-debate-acao-de-mariana-mg-contra-mineradora-inglesa\/"},"modified":"2023-09-20T09:47:08","modified_gmt":"2023-09-20T12:47:08","slug":"comissao-que-fiscaliza-rompimentos-de-barragens-debate-acao-de-mariana-mg-contra-mineradora-inglesa","status":"publish","type":"post","link":"https:\/\/jeffersonisac.adv.br\/index.php\/2023\/09\/20\/comissao-que-fiscaliza-rompimentos-de-barragens-debate-acao-de-mariana-mg-contra-mineradora-inglesa\/","title":{"rendered":"Comiss\u00e3o que fiscaliza rompimentos de barragens debate a\u00e7\u00e3o de Mariana (MG) contra mineradora inglesa"},"content":{"rendered":"<div class=\"image-container\">\n<div class=\"midia-creditos\"><em>Will Shutter \/ C\u00e2mara dos Deputados<\/em><\/div>\n<div class=\"media-wrapper\"><\/div>\n<div class=\"midia-legenda\">Rog\u00e9rio Correia \u00e9 o coordenador da comiss\u00e3o e autor do requerimento<\/div>\n<\/div>\n<p>A <span class=\"termoGlossario\">comiss\u00e3o externa<\/span> para Fiscaliza\u00e7\u00e3o dos Rompimentos de Barragens e Repactua\u00e7\u00e3o da C\u00e2mara dos Deputados vai discutir nesta quarta-feira (20) a a\u00e7\u00e3o judicial do munic\u00edpio de Mariana (MG) contra a mineradora BHP Billiton na Justi\u00e7a inglesa.<\/p>\n<p><a href=\"https:\/\/www.camara.leg.br\/evento-legislativo\/69906\">Confira a pauta e a lista de convidados para a reuni\u00e3o<\/a><\/p>\n<p>A audi\u00eancia est\u00e1 marcada para as 16h30, no plen\u00e1rio 6.<\/p>\n<p>O debate foi pedido pelo coordenador da comiss\u00e3o, deputado Rog\u00e9rio Correia (PT-MG), por sugest\u00e3o do escrit\u00f3rio Pogust Goodhead, que representa o munic\u00edpio na a\u00e7\u00e3o.<\/p>\n<p>&#8220;O escrit\u00f3rio destaca que representa judicialmente cerca de 700 mil v\u00edtimas, incluindo indiv\u00edduos, empresas e munic\u00edpios, contra as mineradoras respons\u00e1veis pelo rompimento da barragem do Fund\u00e3o, ocorrido em 2015&#8221;, afirma Correia.<\/p>","protected":false},"excerpt":{"rendered":"<p>Will Shutter \/ C\u00e2mara dos Deputados Rog\u00e9rio Correia \u00e9 o coordenador da comiss\u00e3o e autor do requerimento A comiss\u00e3o externa para Fiscaliza\u00e7\u00e3o dos Rompimentos de Barragens e Repactua\u00e7\u00e3o da C\u00e2mara dos Deputados vai discutir nesta quarta-feira (20) a a\u00e7\u00e3o judicial do munic\u00edpio de Mariana (MG) contra a mineradora BHP Billiton na Justi\u00e7a inglesa. Confira a [&hellip;]<\/p>\n","protected":false},"author":0,"featured_media":0,"comment_status":"open","ping_status":"open","sticky":false,"template":"","format":"standard","meta":{"footnotes":""},"categories":[1],"tags":[],"_links":{"self":[{"href":"https:\/\/jeffersonisac.adv.br\/index.php\/wp-json\/wp\/v2\/posts\/2564"}],"collection":[{"href":"https:\/\/jeffersonisac.adv.br\/index.php\/wp-json\/wp\/v2\/posts"}],"about":[{"href":"https:\/\/jeffersonisac.adv.br\/index.php\/wp-json\/wp\/v2\/types\/post"}],"replies":[{"embeddable":true,"href":"https:\/\/jeffersonisac.adv.br\/index.php\/wp-json\/wp\/v2\/comments?post=2564"}],"version-history":[{"count":0,"href":"https:\/\/jeffersonisac.adv.br\/index.php\/wp-json\/wp\/v2\/posts\/2564\/revisions"}],"wp:attachment":[{"href":"https:\/\/jeffersonisac.adv.br\/index.php\/wp-json\/wp\/v2\/media?parent=2564"}],"wp:term":[{"taxonomy":"category","embeddable":true,"href":"https:\/\/jeffersonisac.adv.br\/index.php\/wp-json\/wp\/v2\/categories?post=2564"},{"taxonomy":"post_tag","embeddable":true,"href":"https:\/\/jeffersonisac.adv.br\/index.php\/wp-json\/wp\/v2\/tags?post=2564"}],"curies":[{"name":"wp","href":"https:\/\/api.w.org\/{rel}","templated":true}]}}