{"id":2565,"date":"2023-09-20T09:47:08","date_gmt":"2023-09-20T12:47:08","guid":{"rendered":"https:\/\/jeffersonisac.adv.br\/index.php\/2023\/09\/20\/comissao-especial-ouve-vitimas-de-violencia-obstetrica-no-proximo-dia-4\/"},"modified":"2023-09-20T09:47:08","modified_gmt":"2023-09-20T12:47:08","slug":"comissao-especial-ouve-vitimas-de-violencia-obstetrica-no-proximo-dia-4","status":"publish","type":"post","link":"https:\/\/jeffersonisac.adv.br\/index.php\/2023\/09\/20\/comissao-especial-ouve-vitimas-de-violencia-obstetrica-no-proximo-dia-4\/","title":{"rendered":"Comiss\u00e3o especial ouve v\u00edtimas de viol\u00eancia obst\u00e9trica no pr\u00f3ximo dia 4"},"content":{"rendered":"<div class=\"image-container\">\n<div class=\"midia-creditos\"><em>Depositphotos<\/em><\/div>\n<div class=\"media-wrapper\"><\/div>\n<div class=\"midia-legenda\">Viol\u00eancia obst\u00e9trica \u00e9 o desrespeito \u00e0 autonomia e ao corpo da gestante<\/div>\n<\/div>\n<p>A Comiss\u00e3o Especial sobre Viol\u00eancia Obst\u00e9trica e Morte Materna da C\u00e2mara dos Deputados adiou para o pr\u00f3ximo dia 4 a audi\u00eancia que faria nesta quarta para ouvir algumas v\u00edtimas desse tipo de viol\u00eancia: Maryana de Morais Oliveira Mael; Ellen Ribeiro Rocha; Lea Patr\u00edcia da Costa; Juliana Gomes Campos; e Ana Elen Torres da Mota Souza.<\/p>\n<p>A 1\u00aa vice-presidente da comiss\u00e3o, deputada Silvye Alves (Uni\u00e3o-GO), afirma que n\u00e3o h\u00e1 como fazer um relat\u00f3rio da viol\u00eancia obst\u00e9trica no Pa\u00eds sem ouvir as v\u00edtimas. &#8220;Precisamos entender e nos solidarizar com essas pessoas para definir par\u00e2metros que impossibilitem a perpetuidade desses casos&#8221;, afirma a deputada.<\/p>\n<p>A pesquisa Nascer no Brasil aponta que 45% das mulheres entrevistadas disseram ter sofrido algum tipo de viol\u00eancia obst\u00e9trica no SUS. Na rede privada, esse percentual fica em 30%.<\/p>\n<p>A comiss\u00e3o, criada em mar\u00e7o deste ano, \u00e9 presidida pela deputada Soraya Santos (PL-RJ) e tem como relatora a deputada Any Ortiz (Cidadania-RS).<\/p>\n<p>\u00a0<\/p>\n<div><\/div>\n<p>\u00a0<\/p>","protected":false},"excerpt":{"rendered":"<p>Depositphotos Viol\u00eancia obst\u00e9trica \u00e9 o desrespeito \u00e0 autonomia e ao corpo da gestante A Comiss\u00e3o Especial sobre Viol\u00eancia Obst\u00e9trica e Morte Materna da C\u00e2mara dos Deputados adiou para o pr\u00f3ximo dia 4 a audi\u00eancia que faria nesta quarta para ouvir algumas v\u00edtimas desse tipo de viol\u00eancia: Maryana de Morais Oliveira Mael; Ellen Ribeiro Rocha; Lea [&hellip;]<\/p>\n","protected":false},"author":0,"featured_media":0,"comment_status":"open","ping_status":"open","sticky":false,"template":"","format":"standard","meta":{"footnotes":""},"categories":[1],"tags":[],"_links":{"self":[{"href":"https:\/\/jeffersonisac.adv.br\/index.php\/wp-json\/wp\/v2\/posts\/2565"}],"collection":[{"href":"https:\/\/jeffersonisac.adv.br\/index.php\/wp-json\/wp\/v2\/posts"}],"about":[{"href":"https:\/\/jeffersonisac.adv.br\/index.php\/wp-json\/wp\/v2\/types\/post"}],"replies":[{"embeddable":true,"href":"https:\/\/jeffersonisac.adv.br\/index.php\/wp-json\/wp\/v2\/comments?post=2565"}],"version-history":[{"count":0,"href":"https:\/\/jeffersonisac.adv.br\/index.php\/wp-json\/wp\/v2\/posts\/2565\/revisions"}],"wp:attachment":[{"href":"https:\/\/jeffersonisac.adv.br\/index.php\/wp-json\/wp\/v2\/media?parent=2565"}],"wp:term":[{"taxonomy":"category","embeddable":true,"href":"https:\/\/jeffersonisac.adv.br\/index.php\/wp-json\/wp\/v2\/categories?post=2565"},{"taxonomy":"post_tag","embeddable":true,"href":"https:\/\/jeffersonisac.adv.br\/index.php\/wp-json\/wp\/v2\/tags?post=2565"}],"curies":[{"name":"wp","href":"https:\/\/api.w.org\/{rel}","templated":true}]}}