{"id":2566,"date":"2023-09-20T11:10:12","date_gmt":"2023-09-20T14:10:12","guid":{"rendered":"https:\/\/jeffersonisac.adv.br\/index.php\/2023\/09\/20\/deputada-cobra-transformacao-digital-na-area-da-saude\/"},"modified":"2023-09-20T11:10:12","modified_gmt":"2023-09-20T14:10:12","slug":"deputada-cobra-transformacao-digital-na-area-da-saude","status":"publish","type":"post","link":"https:\/\/jeffersonisac.adv.br\/index.php\/2023\/09\/20\/deputada-cobra-transformacao-digital-na-area-da-saude\/","title":{"rendered":"Deputada cobra transforma\u00e7\u00e3o digital na \u00e1rea da Sa\u00fade"},"content":{"rendered":"<div class=\"video-container youtube youtube-100\">\n<div class=\"midia-creditos\"><\/div>\n\n<div class=\"midia-legenda\"><\/div>\n<\/div>\n<p>Debatedores apontaram, em audi\u00eancia p\u00fablica na Comiss\u00e3o de Sa\u00fade da C\u00e2mara do Deputados, na ter\u00e7a-feira (19), os avan\u00e7os alcan\u00e7ados e os desafios para a integra\u00e7\u00e3o de dados no Sistema \u00danico de Sa\u00fade (SUS). O debate foi conduzido pela deputada Adriana Ventura (Novo-SP), que cobrou medidas de padroniza\u00e7\u00e3o e de integra\u00e7\u00e3o dos registros.<\/p>\n<p>O assunto \u00e9 tratado em v\u00e1rios projetos de lei que tramitam em conjunto na C\u00e2mara, sendo o <a class=\"linkProposicao\" href=\"https:\/\/www.camara.leg.br\/noticias\/425605-oferta-de-cartao-unico-do-sus-pode-estar-prevista-em-lei\">Projeto de Lei 5875\/13<\/a>, o principal.<\/p>\n<p>A coordenadora-geral de Informa\u00e7\u00e3o e Inform\u00e1tica em Sa\u00fade do Minist\u00e9rio da Sa\u00fade, Paula Xavier dos Santos, enfatizou o trabalho cont\u00ednuo para o aperfei\u00e7oamento do sistema de sa\u00fade digital. Segundo ela, s\u00e3o mais de 400 sistemas sob a gest\u00e3o do Datasus.<\/p>","protected":false},"excerpt":{"rendered":"<p>Debatedores apontaram, em audi\u00eancia p\u00fablica na Comiss\u00e3o de Sa\u00fade da C\u00e2mara do Deputados, na ter\u00e7a-feira (19), os avan\u00e7os alcan\u00e7ados e os desafios para a integra\u00e7\u00e3o de dados no Sistema \u00danico de Sa\u00fade (SUS). O debate foi conduzido pela deputada Adriana Ventura (Novo-SP), que cobrou medidas de padroniza\u00e7\u00e3o e de integra\u00e7\u00e3o dos registros. O assunto \u00e9 [&hellip;]<\/p>\n","protected":false},"author":0,"featured_media":0,"comment_status":"open","ping_status":"open","sticky":false,"template":"","format":"standard","meta":{"footnotes":""},"categories":[1],"tags":[],"_links":{"self":[{"href":"https:\/\/jeffersonisac.adv.br\/index.php\/wp-json\/wp\/v2\/posts\/2566"}],"collection":[{"href":"https:\/\/jeffersonisac.adv.br\/index.php\/wp-json\/wp\/v2\/posts"}],"about":[{"href":"https:\/\/jeffersonisac.adv.br\/index.php\/wp-json\/wp\/v2\/types\/post"}],"replies":[{"embeddable":true,"href":"https:\/\/jeffersonisac.adv.br\/index.php\/wp-json\/wp\/v2\/comments?post=2566"}],"version-history":[{"count":0,"href":"https:\/\/jeffersonisac.adv.br\/index.php\/wp-json\/wp\/v2\/posts\/2566\/revisions"}],"wp:attachment":[{"href":"https:\/\/jeffersonisac.adv.br\/index.php\/wp-json\/wp\/v2\/media?parent=2566"}],"wp:term":[{"taxonomy":"category","embeddable":true,"href":"https:\/\/jeffersonisac.adv.br\/index.php\/wp-json\/wp\/v2\/categories?post=2566"},{"taxonomy":"post_tag","embeddable":true,"href":"https:\/\/jeffersonisac.adv.br\/index.php\/wp-json\/wp\/v2\/tags?post=2566"}],"curies":[{"name":"wp","href":"https:\/\/api.w.org\/{rel}","templated":true}]}}