{"id":2569,"date":"2023-09-20T11:10:12","date_gmt":"2023-09-20T14:10:12","guid":{"rendered":"https:\/\/jeffersonisac.adv.br\/index.php\/2023\/09\/20\/comissao-especial-pode-votar-nesta-quarta-relatorio-sobre-proposta-que-anistia-partidos-politicos-com-irregularidades\/"},"modified":"2023-09-20T11:10:12","modified_gmt":"2023-09-20T14:10:12","slug":"comissao-especial-pode-votar-nesta-quarta-relatorio-sobre-proposta-que-anistia-partidos-politicos-com-irregularidades","status":"publish","type":"post","link":"https:\/\/jeffersonisac.adv.br\/index.php\/2023\/09\/20\/comissao-especial-pode-votar-nesta-quarta-relatorio-sobre-proposta-que-anistia-partidos-politicos-com-irregularidades\/","title":{"rendered":"Comiss\u00e3o especial pode votar nesta quarta relat\u00f3rio sobre proposta que anistia partidos pol\u00edticos com irregularidades"},"content":{"rendered":"<div class=\"image-container\">\n<div class=\"midia-creditos\"><em>Gilmar F\u00e9lix \/ C\u00e2mara dos Deputados<\/em><\/div>\n<div class=\"media-wrapper\"><\/div>\n<div class=\"midia-legenda\">Pedido de vista adiou a vota\u00e7\u00e3o da proposta na reuni\u00e3o da semana passada<\/div>\n<\/div>\n<p>A <span class=\"termoGlossario\">Comiss\u00e3o Especial<\/span> sobre a Cota M\u00ednima de Recursos dos Partidos re\u00fane-se novamente nesta quarta-feira (20) para tentar votar o parecer do relator, deputado Antonio Carlos Rodrigues (PL-SP). Na semana passada, um <span class=\"termoGlossario\">pedido de vista<\/span> coletivo <a href=\"https:\/\/www.camara.leg.br\/noticias\/997047-PEDIDOS-DE-VISTA-ADIAM-A-VOTACAO-DA-PEC-QUE-ANISTIA-PARTIDOS-POR-DESCUMPRIREM-COTA-FEMININA\">adiou a vota\u00e7\u00e3o do relat\u00f3rio<\/a>.<\/p>\n<p>O colegiado analisa a <a class=\"linkProposicao\" href=\"https:\/\/www.camara.leg.br\/noticias\/948808-pec-estabelece-marco-inicial-para-sancao-por-descumprimento-de-cota-de-candidatura-feminina\">Proposta de Emenda \u00e0 Constitui\u00e7\u00e3o (PEC) 9\/23<\/a>, que pro\u00edbe a aplica\u00e7\u00e3o de san\u00e7\u00f5es a partidos pol\u00edticos que n\u00e3o cumpriram cotas de sexo ou ra\u00e7a nas \u00faltimas elei\u00e7\u00f5es.\u00a0A proposta impede san\u00e7\u00f5es de qualquer natureza, como devolu\u00e7\u00e3o de valores, multa ou suspens\u00e3o dos recursos do Fundo Eleitoral e do Fundo Partid\u00e1rio.<\/p>\n<p>O relator recomendou a aprova\u00e7\u00e3o da PEC, com mudan\u00e7as. Al\u00e9m da anistia para o descumprimento das cotas, Rodrigues manteve no texto a proibi\u00e7\u00e3o de san\u00e7\u00f5es relacionadas \u00e0 presta\u00e7\u00e3o de contas anteriores a promulga\u00e7\u00e3o da nova emenda.<\/p>\n<p>Entre as mudan\u00e7as, o texto prev\u00ea a n\u00e3o aplica\u00e7\u00e3o de san\u00e7\u00f5es, como perda de mandato e decreta\u00e7\u00e3o de inelegibilidade, quando a decis\u00e3o judicial acarretar redu\u00e7\u00e3o do n\u00famero de candidatas eleitas.<\/p>\n<p>O relator tamb\u00e9m incluiu uma cota m\u00ednima de 20% dos recursos dos fundos eleitoral e partid\u00e1rio para candidaturas de pessoas pretas e pardas, independentemente do sexo. Atualmente, o financiamento de candidaturas negras \u00e9 proporcional ao n\u00famero de candidatos negros no partido.<\/p>\n<p>A reuni\u00e3o est\u00e1 marcada para as 14h30, no plen\u00e1rio 1.<\/p>\n<p><a href=\"https:\/\/www.camara.leg.br\/evento-legislativo\/70042\">Confira a pauta da reuni\u00e3o<\/a><\/p>\n<p>Ap\u00f3s a vota\u00e7\u00e3o na comiss\u00e3o especial, a PEC ainda precisa ser analisada pelo Plen\u00e1rio da C\u00e2mara, antes de seguir para o Senado.<\/p>\n<p><a href=\"https:\/\/www.camara.leg.br\/noticias\/573448-saiba-mais-sobre-a-tramitacao-de-pecs\/\">Saiba mais sobre a tramita\u00e7\u00e3o de propostas de emenda \u00e0 Constitui\u00e7\u00e3o<\/a><\/p>","protected":false},"excerpt":{"rendered":"<p>Gilmar F\u00e9lix \/ C\u00e2mara dos Deputados Pedido de vista adiou a vota\u00e7\u00e3o da proposta na reuni\u00e3o da semana passada A Comiss\u00e3o Especial sobre a Cota M\u00ednima de Recursos dos Partidos re\u00fane-se novamente nesta quarta-feira (20) para tentar votar o parecer do relator, deputado Antonio Carlos Rodrigues (PL-SP). Na semana passada, um pedido de vista coletivo [&hellip;]<\/p>\n","protected":false},"author":0,"featured_media":0,"comment_status":"open","ping_status":"open","sticky":false,"template":"","format":"standard","meta":{"footnotes":""},"categories":[1],"tags":[],"_links":{"self":[{"href":"https:\/\/jeffersonisac.adv.br\/index.php\/wp-json\/wp\/v2\/posts\/2569"}],"collection":[{"href":"https:\/\/jeffersonisac.adv.br\/index.php\/wp-json\/wp\/v2\/posts"}],"about":[{"href":"https:\/\/jeffersonisac.adv.br\/index.php\/wp-json\/wp\/v2\/types\/post"}],"replies":[{"embeddable":true,"href":"https:\/\/jeffersonisac.adv.br\/index.php\/wp-json\/wp\/v2\/comments?post=2569"}],"version-history":[{"count":0,"href":"https:\/\/jeffersonisac.adv.br\/index.php\/wp-json\/wp\/v2\/posts\/2569\/revisions"}],"wp:attachment":[{"href":"https:\/\/jeffersonisac.adv.br\/index.php\/wp-json\/wp\/v2\/media?parent=2569"}],"wp:term":[{"taxonomy":"category","embeddable":true,"href":"https:\/\/jeffersonisac.adv.br\/index.php\/wp-json\/wp\/v2\/categories?post=2569"},{"taxonomy":"post_tag","embeddable":true,"href":"https:\/\/jeffersonisac.adv.br\/index.php\/wp-json\/wp\/v2\/tags?post=2569"}],"curies":[{"name":"wp","href":"https:\/\/api.w.org\/{rel}","templated":true}]}}