{"id":2579,"date":"2023-09-20T18:58:43","date_gmt":"2023-09-20T21:58:43","guid":{"rendered":"https:\/\/jeffersonisac.adv.br\/index.php\/2023\/09\/20\/sleeping-giants-brasil-nao-comparece-a-audiencia-publica-para-discutir-atuacao-do-grupo\/"},"modified":"2023-09-20T18:58:43","modified_gmt":"2023-09-20T21:58:43","slug":"sleeping-giants-brasil-nao-comparece-a-audiencia-publica-para-discutir-atuacao-do-grupo","status":"publish","type":"post","link":"https:\/\/jeffersonisac.adv.br\/index.php\/2023\/09\/20\/sleeping-giants-brasil-nao-comparece-a-audiencia-publica-para-discutir-atuacao-do-grupo\/","title":{"rendered":"Sleeping Giants Brasil n\u00e3o comparece a audi\u00eancia p\u00fablica para discutir atua\u00e7\u00e3o do grupo"},"content":{"rendered":"<div class=\"image-container\">\n<div class=\"midia-creditos\"><em>Bruno Spada\/C\u00e2mara dos Deputados<\/em><\/div>\n<div class=\"media-wrapper\"><\/div>\n<div class=\"midia-legenda\">Parlamentares acusam Sleeping Giants de violar direitos previstos na Constitui\u00e7\u00e3o<\/div>\n<\/div>\n<p>Aguardados em audi\u00eancia p\u00fablica das comiss\u00f5es de Comunica\u00e7\u00e3o e de Fiscaliza\u00e7\u00e3o Financeira da C\u00e2mara dos Deputados nesta quarta-feira (20), os representantes do Sleeping Giants Brasil n\u00e3o compareceram. A empresa surgiu de um movimento criado nos Estados Unidos para inviabilizar economicamente p\u00e1ginas e perfis de internet que eles afirmam propagar desinforma\u00e7\u00e3o, discursos de \u00f3dio ou intoler\u00e2ncia.<\/p>\n<p>Os deputados convidaram os dirigentes para debater se a empresa afronta fundamentos da democracia, como a liberdade de express\u00e3o e a liberdade de imprensa.<\/p>\n<p>A reuni\u00e3o ocorreu com a presen\u00e7a do advogado da Jovem Pan, empresa que \u00e9 um dos alvos do movimento. Jos\u00e9 Frederico Cimino Manssur disse que a campanha do Sleeping Giants para \u201cdesmonetizar\u201d a Jovem Pan utiliza trechos de entrevistas com opini\u00f5es fora de contexto, de forma a alegar que a Jovem Pan estaria causando desinforma\u00e7\u00e3o e propagando fake news.<\/p>\n<p>\u201cVoc\u00ea pode apurar ou n\u00e3o os excessos, mas eles n\u00e3o param a\u00ed. O Sleeping Giants, de uma forma que, em tese, a gente pode falar em coa\u00e7\u00e3o, invade as redes sociais de anunciantes, de empresas que n\u00e3o t\u00eam v\u00ednculo com governo, n\u00e3o t\u00eam v\u00ednculo com oposi\u00e7\u00e3o ou situa\u00e7\u00e3o. Dizem: &#8216;Empresa, se voc\u00ea continuar com campanha de Jovem Pan, vamos falar mal da sua marca&#8217;. Eles utilizam de coa\u00e7\u00e3o para atacar um \u00f3rg\u00e3o de comunica\u00e7\u00e3o, e fazem isso todos os dias.\u201d<\/p>\n<p>O advogado explicou que a campanha passou a atingir as afiliadas, que n\u00e3o fazem parte da Jovem Pan. Em resposta, a empresa moveu a\u00e7\u00e3o contra a Sleeping Giants para que pare de usar a hashtag \u2018Desmonetiza Jovem Pan\u2019. Segundo o advogado, trata-se de um crime, uma associa\u00e7\u00e3o sem fins lucrativos que atua como poder moderador da imprensa brasileira.<\/p>\n<p>A a\u00e7\u00e3o movida pela Jovem Pan est\u00e1 suspensa na primeira inst\u00e2ncia, porque teria rela\u00e7\u00e3o com o inqu\u00e9rito das fake news, que est\u00e1 no Supremo Tribunal Federal. Outra a\u00e7\u00e3o movida pela Jovem Pan, por crime contra a honra, foi encerrada por aus\u00eancia de justo motivo por decis\u00e3o do Supremo.<\/p>\n<p>\u201cO que isso tudo significa? Que o Sleeping Giants pode continuar atacar a Jovem Pan. Que o Sleeping Giants pode continuar sendo o poder moderador do Brasil. Hoje \u00e9 a Jovem Pan, amanh\u00e3 \u00e9 qualquer outro \u00f3rg\u00e3o de imprensa que de alguma forma n\u00e3o esteja alinhado com o entendimento pol\u00edtico-ideol\u00f3gico do Sleeping Giants\u201d, argumentou Manssur.<\/p>\n<p><strong>Pedido do PL<\/strong><br \/>\nA audi\u00eancia foi pedida por deputados do PL, com o argumento de que a atividade do Sleeping Giants viola direitos b\u00e1sicos previstos na Constitui\u00e7\u00e3o Federal, e permite que haja censura nos conte\u00fados e programa\u00e7\u00f5es de ve\u00edculos de comunica\u00e7\u00e3o e sites na internet. Para Julia Zanatta (PL-SC), a pr\u00e1tica pode configurar &#8220;apologia \u00e0 repress\u00e3o da liberdade de express\u00e3o e da liberdade de imprensa\u201d.<\/p>\n<p>\u201cEu chamo isso de mil\u00edcia digital, [que \u00e9 algo de] que sempre nos acusaram, mas que, na verdade, \u00e9 como esse Sleeping Giants atua: uma mil\u00edcia tentando ser poder moderador do que \u00e9 verdade, do que \u00e9 mentira e para onde vai o dinheiro de publicidade, de empresas, fazendo uma campanha de desinforma\u00e7\u00e3o, uma campanha de assassinato de reputa\u00e7\u00e3o e ass\u00e9dio com certas empresas, como \u00e9 o caso da Jovem Pan\u201d, afirmou.<\/p>\n<p>Diante da aus\u00eancia dos representantes do movimento, a deputada Bia Kicis (PL-DF) lembrou que no Senado tamb\u00e9m est\u00e1 marcada uma audi\u00eancia p\u00fablica sobre o Sleeping Giants, inclusive com um estudo sobre a atua\u00e7\u00e3o do grupo.<\/p>\n<p>\u201cVamos aguardar que l\u00e1 aconte\u00e7a e que esses eventos sejam levados a conhecimento da popula\u00e7\u00e3o, e que a gente possa dar prosseguimento com representa\u00e7\u00f5es, den\u00fancias, algo que tenha alguma efetividade\u201d, disse.<\/p>\n<p>Os parlamentares que participaram da audi\u00eancia p\u00fablica questionam a legitimidade do Sleeping Giants Brasil e acusam o grupo de coagir patrocinadores a suspenderem seus an\u00fancios em diversas p\u00e1ginas sob a &#8220;falsa roupagem&#8221; de defesa dos consumidores.<\/p>","protected":false},"excerpt":{"rendered":"<p>Bruno Spada\/C\u00e2mara dos Deputados Parlamentares acusam Sleeping Giants de violar direitos previstos na Constitui\u00e7\u00e3o Aguardados em audi\u00eancia p\u00fablica das comiss\u00f5es de Comunica\u00e7\u00e3o e de Fiscaliza\u00e7\u00e3o Financeira da C\u00e2mara dos Deputados nesta quarta-feira (20), os representantes do Sleeping Giants Brasil n\u00e3o compareceram. A empresa surgiu de um movimento criado nos Estados Unidos para inviabilizar economicamente p\u00e1ginas [&hellip;]<\/p>\n","protected":false},"author":0,"featured_media":0,"comment_status":"open","ping_status":"open","sticky":false,"template":"","format":"standard","meta":{"footnotes":""},"categories":[1],"tags":[],"_links":{"self":[{"href":"https:\/\/jeffersonisac.adv.br\/index.php\/wp-json\/wp\/v2\/posts\/2579"}],"collection":[{"href":"https:\/\/jeffersonisac.adv.br\/index.php\/wp-json\/wp\/v2\/posts"}],"about":[{"href":"https:\/\/jeffersonisac.adv.br\/index.php\/wp-json\/wp\/v2\/types\/post"}],"replies":[{"embeddable":true,"href":"https:\/\/jeffersonisac.adv.br\/index.php\/wp-json\/wp\/v2\/comments?post=2579"}],"version-history":[{"count":0,"href":"https:\/\/jeffersonisac.adv.br\/index.php\/wp-json\/wp\/v2\/posts\/2579\/revisions"}],"wp:attachment":[{"href":"https:\/\/jeffersonisac.adv.br\/index.php\/wp-json\/wp\/v2\/media?parent=2579"}],"wp:term":[{"taxonomy":"category","embeddable":true,"href":"https:\/\/jeffersonisac.adv.br\/index.php\/wp-json\/wp\/v2\/categories?post=2579"},{"taxonomy":"post_tag","embeddable":true,"href":"https:\/\/jeffersonisac.adv.br\/index.php\/wp-json\/wp\/v2\/tags?post=2579"}],"curies":[{"name":"wp","href":"https:\/\/api.w.org\/{rel}","templated":true}]}}