{"id":2585,"date":"2023-09-20T21:43:47","date_gmt":"2023-09-21T00:43:47","guid":{"rendered":"https:\/\/jeffersonisac.adv.br\/index.php\/2023\/09\/20\/comissao-aprova-projeto-que-inclui-direito-a-autonomia-do-medico-na-lei-dos-planos-de-saude\/"},"modified":"2023-09-20T21:43:47","modified_gmt":"2023-09-21T00:43:47","slug":"comissao-aprova-projeto-que-inclui-direito-a-autonomia-do-medico-na-lei-dos-planos-de-saude","status":"publish","type":"post","link":"https:\/\/jeffersonisac.adv.br\/index.php\/2023\/09\/20\/comissao-aprova-projeto-que-inclui-direito-a-autonomia-do-medico-na-lei-dos-planos-de-saude\/","title":{"rendered":"Comiss\u00e3o aprova projeto que inclui direito \u00e0 autonomia do m\u00e9dico na Lei dos Planos de Sa\u00fade"},"content":{"rendered":"<div class=\"image-container\">\n<div class=\"midia-creditos\"><em>Marina Ramos \/ C\u00e2mara dos Deputados<\/em><\/div>\n<div class=\"media-wrapper\"><\/div>\n<div class=\"midia-legenda\">Alice Portugal recomendou a aprova\u00e7\u00e3o, ap\u00f3s ajustes no texto<\/div>\n<\/div>\n<p>A Comiss\u00e3o de Sa\u00fade da C\u00e2mara dos Deputados aprovou o <a class=\"linkProposicao\" href=\"https:\/\/www.camara.leg.br\/noticias\/872554-projeto-inclui-direito-a-autonomia-do-medico-na-lei-dos-planos-de-saude\">Projeto de Lei 956\/22<\/a>, que garante ao m\u00e9dico autonomia para escolher a abordagem terap\u00eautica dos pacientes com plano de sa\u00fade. O texto inclui a medida, que existe em norma da Ag\u00eancia Nacional de Sa\u00fade Suplementar (ANS), na Lei dos Planos de Sa\u00fade.<\/p>\n<p>A relatora, deputada Alice Portugal (PCdoB-BA), recomendou a aprova\u00e7\u00e3o, ap\u00f3s ajustes. \u201cMesmo diante de norma infralegal sobre o tema, \u00e9 preciso abord\u00e1-lo, tamb\u00e9m, por meio de lei ordin\u00e1ria, instrumento duradouro, de dif\u00edcil revoga\u00e7\u00e3o, para que lhe seja concedido um car\u00e1ter mais definitivo\u201d, explicou a parlamentar.<\/p>\n<p>O texto, na vers\u00e3o da relatora, pro\u00edbe as operadoras de planos de restringir a liberdade do exerc\u00edcio de atividade profissional do prestador de servi\u00e7o, desde que a ci\u00eancia e as leis sejam observadas. Infratores poder\u00e3o ser punidos com san\u00e7\u00f5es, que v\u00e3o de advert\u00eancia a cancelamento da autoriza\u00e7\u00e3o para funcionamento.<\/p>\n<p>Autora da proposta, a deputada L\u00eddice da Mata (PSB-BA) disse que a autonomia m\u00e9dica \u00e9 um princ\u00edpio \u00e9tico da medicina relacionado \u00e0 liberdade profissional, a fim de evitar a interfer\u00eancia de terceiros no relacionamento com o paciente.<\/p>\n<p>Ela citou pesquisa da Associa\u00e7\u00e3o M\u00e9dica Brasileira segundo a qual mais da metade dos m\u00e9dicos entrevistados sofreram tentativas ou interfer\u00eancias para alterar os tratamentos que prescreveram aos pacientes, incluindo, por exemplo, dificuldades para internar ou press\u00e3o para antecipar a alta de pacientes.<\/p>\n<p>\u201cS\u00e3o den\u00fancias bastante graves, porque os m\u00e9dicos conhecem as necessidades e o contexto de cada paciente, podendo escolher o melhor tratamento\u201d, afirmou L\u00eddice da Mata. \u201cAs operadoras, por outro lado, costumam abordar os casos de forma mais homog\u00eanea, tendendo a defender condutas que reduzam os custos.\u201d<\/p>\n<p><strong>Tramita\u00e7\u00e3o<\/strong><br \/>\nO projeto tramita em <span class=\"termoGlossario\">car\u00e1ter conclusivo<\/span> e ainda ser\u00e1 analisado pela Comiss\u00e3o e de Constitui\u00e7\u00e3o e Justi\u00e7a e de Cidadania.<\/p>\n<p><a href=\"https:\/\/www.camara.leg.br\/noticias\/573454-SAIBA-MAIS-SOBRE-A-TRAMITACAO-DE-PROJETOS-DE-LEI\">Saiba mais sobre a tramita\u00e7\u00e3o de projetos de lei<\/a><\/p>","protected":false},"excerpt":{"rendered":"<p>Marina Ramos \/ C\u00e2mara dos Deputados Alice Portugal recomendou a aprova\u00e7\u00e3o, ap\u00f3s ajustes no texto A Comiss\u00e3o de Sa\u00fade da C\u00e2mara dos Deputados aprovou o Projeto de Lei 956\/22, que garante ao m\u00e9dico autonomia para escolher a abordagem terap\u00eautica dos pacientes com plano de sa\u00fade. O texto inclui a medida, que existe em norma da [&hellip;]<\/p>\n","protected":false},"author":0,"featured_media":0,"comment_status":"open","ping_status":"open","sticky":false,"template":"","format":"standard","meta":{"footnotes":""},"categories":[1],"tags":[],"_links":{"self":[{"href":"https:\/\/jeffersonisac.adv.br\/index.php\/wp-json\/wp\/v2\/posts\/2585"}],"collection":[{"href":"https:\/\/jeffersonisac.adv.br\/index.php\/wp-json\/wp\/v2\/posts"}],"about":[{"href":"https:\/\/jeffersonisac.adv.br\/index.php\/wp-json\/wp\/v2\/types\/post"}],"replies":[{"embeddable":true,"href":"https:\/\/jeffersonisac.adv.br\/index.php\/wp-json\/wp\/v2\/comments?post=2585"}],"version-history":[{"count":0,"href":"https:\/\/jeffersonisac.adv.br\/index.php\/wp-json\/wp\/v2\/posts\/2585\/revisions"}],"wp:attachment":[{"href":"https:\/\/jeffersonisac.adv.br\/index.php\/wp-json\/wp\/v2\/media?parent=2585"}],"wp:term":[{"taxonomy":"category","embeddable":true,"href":"https:\/\/jeffersonisac.adv.br\/index.php\/wp-json\/wp\/v2\/categories?post=2585"},{"taxonomy":"post_tag","embeddable":true,"href":"https:\/\/jeffersonisac.adv.br\/index.php\/wp-json\/wp\/v2\/tags?post=2585"}],"curies":[{"name":"wp","href":"https:\/\/api.w.org\/{rel}","templated":true}]}}