{"id":2586,"date":"2023-09-20T21:43:47","date_gmt":"2023-09-21T00:43:47","guid":{"rendered":"https:\/\/jeffersonisac.adv.br\/index.php\/2023\/09\/20\/tv-3-0-promete-mais-qualidade-tecnica-e-conteudo-individualizado\/"},"modified":"2023-09-20T21:43:47","modified_gmt":"2023-09-21T00:43:47","slug":"tv-3-0-promete-mais-qualidade-tecnica-e-conteudo-individualizado","status":"publish","type":"post","link":"https:\/\/jeffersonisac.adv.br\/index.php\/2023\/09\/20\/tv-3-0-promete-mais-qualidade-tecnica-e-conteudo-individualizado\/","title":{"rendered":"TV 3.0 promete mais qualidade t\u00e9cnica e conte\u00fado individualizado"},"content":{"rendered":"<div class=\"image-container\">\n<div class=\"midia-creditos\"><em>Bruno Spada\/C\u00e2mara dos Deputados<\/em><\/div>\n<div class=\"media-wrapper\"><\/div>\n<div class=\"midia-legenda\">Tatto: participa\u00e7\u00e3o do Legislativo \u00e9 fundamental para garantir o acesso universal \u00e0 nova tecnologia<\/div>\n<\/div>\n<p>Uma associa\u00e7\u00e3o harmoniosa entre TV e internet, com ganhos para a popula\u00e7\u00e3o tanto em termos tecnol\u00f3gicos quanto no maior acesso a servi\u00e7os, \u00e9 o que promete a tecnologia 3.0. Um grupo de trabalho que tem representantes da Ag\u00eancia Nacional de Telecomunica\u00e7\u00f5es (Anatel), do Minist\u00e9rio da Ci\u00eancia e Tecnologia e das empresas de radiodifus\u00e3o, entre outros participantes, est\u00e1 discutindo a regulamenta\u00e7\u00e3o e a implementa\u00e7\u00e3o do novo sistema.<\/p>\n<p>A 3.0 j\u00e1 est\u00e1 sendo chamada de \u201cTV do futuro\u201d. A perspectiva \u00e9 de uma imagem com quatro vezes mais qualidade do que a tecnologia HD, melhorando a cor e a nitidez. O som imersivo vai dar a sensa\u00e7\u00e3o ao telespectador de estar no ambiente que a imagem mostra. Por isso, \u00e9 bem prov\u00e1vel que seja necess\u00e1rio trocar os atuais aparelhos de TV. As emissoras tamb\u00e9m v\u00e3o precisar de novos transmissores.<\/p>\n<p>Al\u00e9m da qualidade t\u00e9cnica, essa nova televis\u00e3o pode ter conte\u00fados mais individualizados, para regi\u00f5es espec\u00edficas ou para determinados grupos da popula\u00e7\u00e3o. O uso de aplicativos tamb\u00e9m possibilita impulsionar o acesso a servi\u00e7os e o com\u00e9rcio eletr\u00f4nico.<\/p>\n<p>O supervisor da Rede Legislativa e representante da Associa\u00e7\u00e3o Brasileira de R\u00e1dios e TVs Legislativas (Astral), Carlos Neiva, participa do grupo de trabalho sobre a TV 3.0. Ele destaca o papel do novo sistema para a comunica\u00e7\u00e3o p\u00fablica.<\/p>\n<p>\u201cCom a integra\u00e7\u00e3o com a internet, h\u00e1 possibilidade de termos aplicativos nas televis\u00f5es \u2013 um aplicativo pra TV C\u00e2mara, pra TV Senado, pra EBC \u2013, tamb\u00e9m aplicativos para a implanta\u00e7\u00e3o de pol\u00edticas p\u00fablicas e, por que n\u00e3o, um programa que vem trazer quest\u00f5es sobre educa\u00e7\u00e3o, sobre sa\u00fade. Todas s\u00e3o possibilidades que essa jun\u00e7\u00e3o da internet e sistema de televis\u00e3o permitir\u00e1\u201d, disse.<\/p>\n<p>O secret\u00e1rio de Comunica\u00e7\u00e3o da C\u00e2mara, deputado Jilmar Tatto (PT-SP), comemorou a participa\u00e7\u00e3o da Casa nesse processo de troca de tecnologia e salientou a import\u00e2ncia da inser\u00e7\u00e3o das emissoras p\u00fablicas, para que a TV 3.0 n\u00e3o seja dominada pela m\u00eddia comercial.<\/p>\n<p>\u201c\u00c9 fundamental, evidentemente, que o Poder Legislativo participe desse processo, ou a partir dos debates e da regulamenta\u00e7\u00e3o disso ou a partir tamb\u00e9m de iniciativas de lei, se precisar regulamentar, se precisar disciplinar. Pra que se garanta esse acesso universal da popula\u00e7\u00e3o, \u00e9 fundamental a participa\u00e7\u00e3o do Legislativo\u201d, afirmou.<\/p>\n<p>O grupo de trabalho que est\u00e1 discutindo a regulamenta\u00e7\u00e3o da TV 3.0 e a implanta\u00e7\u00e3o do novo sistema tem at\u00e9 dezembro de 2024 para apresentar suas conclus\u00f5es.<\/p>","protected":false},"excerpt":{"rendered":"<p>Bruno Spada\/C\u00e2mara dos Deputados Tatto: participa\u00e7\u00e3o do Legislativo \u00e9 fundamental para garantir o acesso universal \u00e0 nova tecnologia Uma associa\u00e7\u00e3o harmoniosa entre TV e internet, com ganhos para a popula\u00e7\u00e3o tanto em termos tecnol\u00f3gicos quanto no maior acesso a servi\u00e7os, \u00e9 o que promete a tecnologia 3.0. Um grupo de trabalho que tem representantes da [&hellip;]<\/p>\n","protected":false},"author":0,"featured_media":0,"comment_status":"open","ping_status":"open","sticky":false,"template":"","format":"standard","meta":{"footnotes":""},"categories":[1],"tags":[],"_links":{"self":[{"href":"https:\/\/jeffersonisac.adv.br\/index.php\/wp-json\/wp\/v2\/posts\/2586"}],"collection":[{"href":"https:\/\/jeffersonisac.adv.br\/index.php\/wp-json\/wp\/v2\/posts"}],"about":[{"href":"https:\/\/jeffersonisac.adv.br\/index.php\/wp-json\/wp\/v2\/types\/post"}],"replies":[{"embeddable":true,"href":"https:\/\/jeffersonisac.adv.br\/index.php\/wp-json\/wp\/v2\/comments?post=2586"}],"version-history":[{"count":0,"href":"https:\/\/jeffersonisac.adv.br\/index.php\/wp-json\/wp\/v2\/posts\/2586\/revisions"}],"wp:attachment":[{"href":"https:\/\/jeffersonisac.adv.br\/index.php\/wp-json\/wp\/v2\/media?parent=2586"}],"wp:term":[{"taxonomy":"category","embeddable":true,"href":"https:\/\/jeffersonisac.adv.br\/index.php\/wp-json\/wp\/v2\/categories?post=2586"},{"taxonomy":"post_tag","embeddable":true,"href":"https:\/\/jeffersonisac.adv.br\/index.php\/wp-json\/wp\/v2\/tags?post=2586"}],"curies":[{"name":"wp","href":"https:\/\/api.w.org\/{rel}","templated":true}]}}