{"id":2598,"date":"2023-09-21T15:33:10","date_gmt":"2023-09-21T18:33:10","guid":{"rendered":"https:\/\/jeffersonisac.adv.br\/index.php\/2023\/09\/21\/comissao-discute-contribuicoes-da-forca-aerea-para-o-desenvolvimento-tecnologico-do-pais\/"},"modified":"2023-09-21T15:33:10","modified_gmt":"2023-09-21T18:33:10","slug":"comissao-discute-contribuicoes-da-forca-aerea-para-o-desenvolvimento-tecnologico-do-pais","status":"publish","type":"post","link":"https:\/\/jeffersonisac.adv.br\/index.php\/2023\/09\/21\/comissao-discute-contribuicoes-da-forca-aerea-para-o-desenvolvimento-tecnologico-do-pais\/","title":{"rendered":"Comiss\u00e3o discute contribui\u00e7\u00f5es da For\u00e7a A\u00e9rea para o desenvolvimento tecnol\u00f3gico do Pa\u00eds"},"content":{"rendered":"<div class=\"image-container\">\n<div class=\"midia-creditos\"><em>Jos\u00e9 Cruz\/Ag\u00eancia Brasil<\/em><\/div>\n<div class=\"media-wrapper\"><\/div>\n<div class=\"midia-legenda\">For\u00e7a A\u00e9rea Brasileira desenvolve aeronaves, entre outras tecnologias<\/div>\n<\/div>\n<p>A Comiss\u00e3o de Ci\u00eancia e Tecnologia da C\u00e2mara dos Deputados discute na quarta-feira (27) as contribui\u00e7\u00f5es dos projetos estrat\u00e9gicos da For\u00e7a A\u00e9rea Brasileira (FAB) para o desenvolvimento cient\u00edfico e tecnol\u00f3gico do Pa\u00eds. A reuni\u00e3o ocorrer\u00e1 no plen\u00e1rio 13, \u00e0s 9h30.<\/p>\n<p>A deputada Luisa Canziani (PSD-PR) afirma que a FAB \u00e9 pioneira na ado\u00e7\u00e3o de tecnologias avan\u00e7adas em \u00e1reas como desenvolvimento de aeronaves, sistemas de comunica\u00e7\u00e3o, sensoriamento remoto e log\u00edstica.<\/p>\n<p>&#8220;A coopera\u00e7\u00e3o entre os setores p\u00fablico e privado em projetos desenvolvidos pela FAB estimula a inova\u00e7\u00e3o, cria empregos qualificados e fomenta o desenvolvimento cient\u00edfico&#8221;, diz a parlamentar.<\/p>\n<p>Ela destaca ainda a import\u00e2ncia da For\u00e7a A\u00e9rea na forma\u00e7\u00e3o de profissionais qualificados. &#8220;Um exemplo not\u00e1vel do comprometimento com a inova\u00e7\u00e3o \u00e9 o Instituto Tecnol\u00f3gico de Aeron\u00e1utica, uma das institui\u00e7\u00f5es de ensino mais renomadas do Pa\u00eds.&#8221;<\/p>\n<p>O presidente da Comiss\u00e3o Coordenadora do Programa Aeronave de Combate da Aeron\u00e1utica, major-brigadeiro do ar Antonio Luiz Godoy Soares Mioni Rodrigues, <a href=\"https:\/\/www.camara.leg.br\/evento-legislativo\/69951\">participar\u00e1 da audi\u00eancia na condi\u00e7\u00e3o de palestrante<\/a>.<\/p>","protected":false},"excerpt":{"rendered":"<p>Jos\u00e9 Cruz\/Ag\u00eancia Brasil For\u00e7a A\u00e9rea Brasileira desenvolve aeronaves, entre outras tecnologias A Comiss\u00e3o de Ci\u00eancia e Tecnologia da C\u00e2mara dos Deputados discute na quarta-feira (27) as contribui\u00e7\u00f5es dos projetos estrat\u00e9gicos da For\u00e7a A\u00e9rea Brasileira (FAB) para o desenvolvimento cient\u00edfico e tecnol\u00f3gico do Pa\u00eds. A reuni\u00e3o ocorrer\u00e1 no plen\u00e1rio 13, \u00e0s 9h30. A deputada Luisa Canziani [&hellip;]<\/p>\n","protected":false},"author":0,"featured_media":0,"comment_status":"open","ping_status":"open","sticky":false,"template":"","format":"standard","meta":{"footnotes":""},"categories":[1],"tags":[],"_links":{"self":[{"href":"https:\/\/jeffersonisac.adv.br\/index.php\/wp-json\/wp\/v2\/posts\/2598"}],"collection":[{"href":"https:\/\/jeffersonisac.adv.br\/index.php\/wp-json\/wp\/v2\/posts"}],"about":[{"href":"https:\/\/jeffersonisac.adv.br\/index.php\/wp-json\/wp\/v2\/types\/post"}],"replies":[{"embeddable":true,"href":"https:\/\/jeffersonisac.adv.br\/index.php\/wp-json\/wp\/v2\/comments?post=2598"}],"version-history":[{"count":0,"href":"https:\/\/jeffersonisac.adv.br\/index.php\/wp-json\/wp\/v2\/posts\/2598\/revisions"}],"wp:attachment":[{"href":"https:\/\/jeffersonisac.adv.br\/index.php\/wp-json\/wp\/v2\/media?parent=2598"}],"wp:term":[{"taxonomy":"category","embeddable":true,"href":"https:\/\/jeffersonisac.adv.br\/index.php\/wp-json\/wp\/v2\/categories?post=2598"},{"taxonomy":"post_tag","embeddable":true,"href":"https:\/\/jeffersonisac.adv.br\/index.php\/wp-json\/wp\/v2\/tags?post=2598"}],"curies":[{"name":"wp","href":"https:\/\/api.w.org\/{rel}","templated":true}]}}