{"id":2603,"date":"2023-09-21T17:27:16","date_gmt":"2023-09-21T20:27:16","guid":{"rendered":"https:\/\/jeffersonisac.adv.br\/index.php\/2023\/09\/21\/comissao-aprova-acesso-de-pessoa-com-deficiencia-a-onibus-em-qualquer-local-nao-proibido\/"},"modified":"2023-09-21T17:27:16","modified_gmt":"2023-09-21T20:27:16","slug":"comissao-aprova-acesso-de-pessoa-com-deficiencia-a-onibus-em-qualquer-local-nao-proibido","status":"publish","type":"post","link":"https:\/\/jeffersonisac.adv.br\/index.php\/2023\/09\/21\/comissao-aprova-acesso-de-pessoa-com-deficiencia-a-onibus-em-qualquer-local-nao-proibido\/","title":{"rendered":"Comiss\u00e3o aprova acesso de pessoa com defici\u00eancia a \u00f4nibus em qualquer local n\u00e3o proibido"},"content":{"rendered":"<div class=\"image-container\">\n<div class=\"midia-creditos\"><em>Vinicius Loures\/C\u00e2mara dos Deputados<\/em><\/div>\n<div class=\"media-wrapper\"><\/div>\n<div class=\"midia-legenda\">Duda Ramos, relator do projeto<\/div>\n<\/div>\n<p>A Comiss\u00e3o de Via\u00e7\u00e3o e Transportes da C\u00e2mara dos Deputados aprovou proposta que garante \u00e0 pessoa com defici\u00eancia e mobilidade reduzida o direito de solicitar \u00f4nibus em qualquer local n\u00e3o proibido pela legisla\u00e7\u00e3o de tr\u00e2nsito. O texto altera o <a href=\"https:\/\/www2.camara.gov.br\/legin\/fed\/lei\/2015\/lei-13146-6-julho-2015-781174-norma-pl.html\">Estatuto da Pessoa com Defici\u00eancia<\/a>.<\/p>\n<p>Relator da proposta, o deputado Duda Ramos (MDB-RR) prop\u00f4s um novo texto ao <a href=\"https:\/\/www.camara.leg.br\/noticias\/635647-PROJETO-OBRIGA-ONIBUS-A-PARAR-EM-QUALQUER-LUGAR-QUANDO-SOLICITADO-POR-PESSOAS-COM-DEFICIENCIA\">Projeto de Lei 6595\/19<\/a>, do ex-deputado Dr. Gon\u00e7alo (MA), a fim de deixar clara a proibi\u00e7\u00e3o de parada em locais proibidos ou que representem risco a usu\u00e1rios e \u00e0 seguran\u00e7a vi\u00e1ria.<\/p>\n<p>\u201cAinda que seja conveniente para o usu\u00e1rio, h\u00e1 locais onde a parada de ve\u00edculos de transporte coletivo pode causar preju\u00edzos \u00e0 coletividade, como reten\u00e7\u00e3o no tr\u00e1fego e at\u00e9 acidente\u201d, disse. \u201cVias expressas, rodovias, vias de dimens\u00f5es reduzidas, pontes e t\u00faneis s\u00e3o exemplos de locais onde a parada para embarque e desembarque n\u00e3o deve ocorrer\u201d, concluiu.<\/p>\n<p><strong>Tramita\u00e7\u00e3o<\/strong><br \/>\nA proposta ser\u00e1 ainda analisada, em <span class=\"termoGlossario\">car\u00e1ter conclusivo<\/span>, pelas comiss\u00f5es de Desenvolvimento Urbano; e de Constitui\u00e7\u00e3o e Justi\u00e7a e de Cidadania.<\/p>\n<p><a href=\"https:\/\/www.camara.leg.br\/noticias\/573454-SAIBA-MAIS-SOBRE-A-TRAMITACAO-DE-PROJETOS-DE-LEI\">Saiba mais sobre a tramita\u00e7\u00e3o de projetos de lei<\/a><\/p>","protected":false},"excerpt":{"rendered":"<p>Vinicius Loures\/C\u00e2mara dos Deputados Duda Ramos, relator do projeto A Comiss\u00e3o de Via\u00e7\u00e3o e Transportes da C\u00e2mara dos Deputados aprovou proposta que garante \u00e0 pessoa com defici\u00eancia e mobilidade reduzida o direito de solicitar \u00f4nibus em qualquer local n\u00e3o proibido pela legisla\u00e7\u00e3o de tr\u00e2nsito. O texto altera o Estatuto da Pessoa com Defici\u00eancia. Relator da [&hellip;]<\/p>\n","protected":false},"author":0,"featured_media":0,"comment_status":"open","ping_status":"open","sticky":false,"template":"","format":"standard","meta":{"footnotes":""},"categories":[1],"tags":[],"_links":{"self":[{"href":"https:\/\/jeffersonisac.adv.br\/index.php\/wp-json\/wp\/v2\/posts\/2603"}],"collection":[{"href":"https:\/\/jeffersonisac.adv.br\/index.php\/wp-json\/wp\/v2\/posts"}],"about":[{"href":"https:\/\/jeffersonisac.adv.br\/index.php\/wp-json\/wp\/v2\/types\/post"}],"replies":[{"embeddable":true,"href":"https:\/\/jeffersonisac.adv.br\/index.php\/wp-json\/wp\/v2\/comments?post=2603"}],"version-history":[{"count":0,"href":"https:\/\/jeffersonisac.adv.br\/index.php\/wp-json\/wp\/v2\/posts\/2603\/revisions"}],"wp:attachment":[{"href":"https:\/\/jeffersonisac.adv.br\/index.php\/wp-json\/wp\/v2\/media?parent=2603"}],"wp:term":[{"taxonomy":"category","embeddable":true,"href":"https:\/\/jeffersonisac.adv.br\/index.php\/wp-json\/wp\/v2\/categories?post=2603"},{"taxonomy":"post_tag","embeddable":true,"href":"https:\/\/jeffersonisac.adv.br\/index.php\/wp-json\/wp\/v2\/tags?post=2603"}],"curies":[{"name":"wp","href":"https:\/\/api.w.org\/{rel}","templated":true}]}}