{"id":2604,"date":"2023-09-21T17:27:16","date_gmt":"2023-09-21T20:27:16","guid":{"rendered":"https:\/\/jeffersonisac.adv.br\/index.php\/2023\/09\/21\/comissao-debate-riscos-psicossociais-no-ambiente-de-trabalho\/"},"modified":"2023-09-21T17:27:16","modified_gmt":"2023-09-21T20:27:16","slug":"comissao-debate-riscos-psicossociais-no-ambiente-de-trabalho","status":"publish","type":"post","link":"https:\/\/jeffersonisac.adv.br\/index.php\/2023\/09\/21\/comissao-debate-riscos-psicossociais-no-ambiente-de-trabalho\/","title":{"rendered":"Comiss\u00e3o debate riscos psicossociais no ambiente de trabalho"},"content":{"rendered":"<div class=\"image-container\">\n<div class=\"midia-creditos\"><em>Getty Images<\/em><\/div>\n<div class=\"media-wrapper\"><\/div>\n<div class=\"midia-legenda\">Segundo a Ag\u00eancia Europeia para a Seguran\u00e7a e Sa\u00fade no Trabalho, carga de trabalho excessiva aumenta riscos psicossociais<\/div>\n<\/div>\n<p>A Comiss\u00e3o de Trabalho da C\u00e2mara dos Deputados promove audi\u00eancia p\u00fablica na quarta-feira (27) sobre o <a class=\"linkProposicao\" href=\"https:\/\/www.camara.leg.br\/noticias\/708194-proposta-preve-edicao-de-norma-regulamentadora-para-prevenir-transtornos-mentais-no-trabalho\">Projeto de Lei 3588\/20<\/a>, que estabelece norma para prevenir riscos psicossociais no ambiente de trabalho. A reuni\u00e3o ocorre \u00e0s 10h30, no plen\u00e1rio 12.<\/p>\n<p>O pedido para a realiza\u00e7\u00e3o do debate foi apresentado pelo relator da proposta na comiss\u00e3o, deputado Carlos Veras (PT-PE). Ele quer colher contribui\u00e7\u00f5es para elabora\u00e7\u00e3o de seu parecer. &#8220;Os riscos psicossociais no ambiente de trabalho podem ter uma s\u00e9rie de consequ\u00eancias significativas, a exemplo do impacto na sa\u00fade mental, preju\u00edzo nas rela\u00e7\u00f5es interpessoais, baixo desempenho e produtividade, custos para a sociedade, entre outras quest\u00f5es&#8221;, enumerou Veras.<\/p>\n<p><a href=\"https:\/\/www.camara.leg.br\/evento-legislativo\/70031\">Confira a pauta completa<\/a>.<\/p>","protected":false},"excerpt":{"rendered":"<p>Getty Images Segundo a Ag\u00eancia Europeia para a Seguran\u00e7a e Sa\u00fade no Trabalho, carga de trabalho excessiva aumenta riscos psicossociais A Comiss\u00e3o de Trabalho da C\u00e2mara dos Deputados promove audi\u00eancia p\u00fablica na quarta-feira (27) sobre o Projeto de Lei 3588\/20, que estabelece norma para prevenir riscos psicossociais no ambiente de trabalho. A reuni\u00e3o ocorre \u00e0s [&hellip;]<\/p>\n","protected":false},"author":0,"featured_media":0,"comment_status":"open","ping_status":"open","sticky":false,"template":"","format":"standard","meta":{"footnotes":""},"categories":[1],"tags":[],"_links":{"self":[{"href":"https:\/\/jeffersonisac.adv.br\/index.php\/wp-json\/wp\/v2\/posts\/2604"}],"collection":[{"href":"https:\/\/jeffersonisac.adv.br\/index.php\/wp-json\/wp\/v2\/posts"}],"about":[{"href":"https:\/\/jeffersonisac.adv.br\/index.php\/wp-json\/wp\/v2\/types\/post"}],"replies":[{"embeddable":true,"href":"https:\/\/jeffersonisac.adv.br\/index.php\/wp-json\/wp\/v2\/comments?post=2604"}],"version-history":[{"count":0,"href":"https:\/\/jeffersonisac.adv.br\/index.php\/wp-json\/wp\/v2\/posts\/2604\/revisions"}],"wp:attachment":[{"href":"https:\/\/jeffersonisac.adv.br\/index.php\/wp-json\/wp\/v2\/media?parent=2604"}],"wp:term":[{"taxonomy":"category","embeddable":true,"href":"https:\/\/jeffersonisac.adv.br\/index.php\/wp-json\/wp\/v2\/categories?post=2604"},{"taxonomy":"post_tag","embeddable":true,"href":"https:\/\/jeffersonisac.adv.br\/index.php\/wp-json\/wp\/v2\/tags?post=2604"}],"curies":[{"name":"wp","href":"https:\/\/api.w.org\/{rel}","templated":true}]}}