{"id":2611,"date":"2023-09-22T03:36:56","date_gmt":"2023-09-22T06:36:56","guid":{"rendered":"https:\/\/jeffersonisac.adv.br\/index.php\/2023\/09\/22\/condenado-por-tentar-explodir-bomba-perto-do-aeroporto-de-brasilia-pode-fechar-acordo-de-delacao-com-cpmi\/"},"modified":"2023-09-22T03:36:56","modified_gmt":"2023-09-22T06:36:56","slug":"condenado-por-tentar-explodir-bomba-perto-do-aeroporto-de-brasilia-pode-fechar-acordo-de-delacao-com-cpmi","status":"publish","type":"post","link":"https:\/\/jeffersonisac.adv.br\/index.php\/2023\/09\/22\/condenado-por-tentar-explodir-bomba-perto-do-aeroporto-de-brasilia-pode-fechar-acordo-de-delacao-com-cpmi\/","title":{"rendered":"Condenado por tentar explodir bomba perto do aeroporto de Bras\u00edlia pode fechar acordo de dela\u00e7\u00e3o com CPMI"},"content":{"rendered":"<div class=\"image-container\">\n<div class=\"midia-creditos\"><em>Geraldo Magela\/Ag\u00eancia Senado<\/em><\/div>\n<div class=\"media-wrapper\"><\/div>\n<div class=\"midia-legenda\">Wellington Macedo de Souza afirmou que s\u00f3 vai colaborar ap\u00f3s ter acesso aos autos do processo no STF<\/div>\n<\/div>\n<p>O blogueiro Wellington Macedo de Souza optou por n\u00e3o responder a perguntas de deputados e senadores na Comiss\u00e3o Parlamentar Mista de Inqu\u00e9rito (<span class=\"termoGlossario\">CPMI<\/span>) do 8 de Janeiro, mas acenou com a possibilidade de fazer um acordo de dela\u00e7\u00e3o premiada.<\/p>\n<p>Ele foi condenado por participar da tentativa de explos\u00e3o de uma bomba perto do aeroporto de Bras\u00edlia, em dezembro do ano passado, e est\u00e1 preso. No governo Bolsonaro, foi assessor da Secretaria Nacional dos Direitos da Crian\u00e7a e do Adolescente.<\/p>\n<p>No in\u00edcio da reuni\u00e3o da CPI, Souza avisou que ficaria em sil\u00eancio, amparado por um habeas corpus obtido junto ao Supremo Tribunal Federal (STF). \u201cEu s\u00f3 vou colaborar com voc\u00eas depois que meus advogados tiverem acesso aos autos de acusa\u00e7\u00e3o contra a minha pessoa e eu tiver tempo suficiente para conversar e articular com meu advogado.\u201d<\/p>\n<p>A possibilidade de dela\u00e7\u00e3o foi apontada pela relatora da CPMI, senadora Eliziane Gama (PSD-MA), ao final da reuni\u00e3o. <\/p>\n<p>\u201cN\u00f3s solicitamos \u00e0 Advocacia-Geral do Senado sobre a dela\u00e7\u00e3o premiada. N\u00f3s estamos chegando \u00e0 reta final dos trabalhos desta comiss\u00e3o. O senhor n\u00e3o tem interesse de colaborar com os trabalhos desta comiss\u00e3o? De contribuir, de trazer as informa\u00e7\u00f5es a esta comiss\u00e3o?\u201d, questionou.<\/p>\n<p>Foi o advogado do blogueiro, Sildilon Maia, que respondeu. <\/p>\n<p>\u201cEu fiz um requerimento de acesso \u00e0s pe\u00e7as que faltavam no Supremo, o ministro Alexandre [de Moraes] ainda n\u00e3o despachou. Eu acredito que, no mais tardar na segunda-feira, eu j\u00e1 terei acesso a esses elementos e me coloco \u00e0 disposi\u00e7\u00e3o da senhora para, junto \u00e0 advocacia do Senado, a gente ter esse di\u00e1logo, eu ter acesso ao parecer que trata desse tema internamente. N\u00e3o temos nenhuma restri\u00e7\u00e3o a isso.\u201d<\/p>\n<div class=\"image-container\">\n<div class=\"midia-creditos\"><em>Geraldo Magela\/Ag\u00eancia Senado<\/em><\/div>\n<div class=\"media-wrapper\"><\/div>\n<div class=\"midia-legenda\">Eliziane Gama: &#8220;Gra\u00e7as a Deus foram incompetentes na fabrica\u00e7\u00e3o da bomba&#8221;<\/div>\n<\/div>\n<p><strong>Hist\u00f3rico<\/strong><br \/>\nEliziane Gama ressaltou que o blogueiro \u00e9 conhecido por divulgar den\u00fancias sem provas na internet, que j\u00e1 resultaram em dezenas de a\u00e7\u00f5es ajuizadas contra ele no Cear\u00e1.<\/p>\n<p>Ela afirmou que os atos de 8 de janeiro vieram a partir de uma \u201ca\u00e7\u00e3o embrion\u00e1ria\u201d, que teria come\u00e7ado em 7 de setembro de 2021. Tamb\u00e9m destacou diversos pedidos de Pix feitos pelo acusado e o fato de, mesmo desempregado, ele ter adquirido autom\u00f3veis no valor de mais de R$ 300 mil. Gama disse, ainda, que \u201cgra\u00e7as a Deus foram incompetentes na fabrica\u00e7\u00e3o da bomba\u201d, enquanto mostrava uma imagem com o raio de alcance dos efeitos caso o artefato tivesse explodido.\u00a0<\/p>\n<p>A deputada Jandira Feghali (PCdoB-RJ) tamb\u00e9m afirmou que a invas\u00e3o dos pr\u00e9dios dos tr\u00eas Poderes neste ano n\u00e3o foi um ato isolado. <\/p>\n<p>\u201cHouve uma constru\u00e7\u00e3o golpista durante anos, particularmente de 2021 em diante. \u00c9 importante a gente dizer isso porque o senhor Wellington Macedo tem caracter\u00edsticas dos seguidores de Bolsonaro: participa da mil\u00edcia digital, inclusive expressando n\u00e3o apenas diverg\u00eancia pol\u00edtica, mas preconceito grave contra o presidente Lula, estimula o \u00f3dio nos seus v\u00eddeos, a viol\u00eancia, o golpe.\u201d<\/p>\n<p>Por outro lado, o deputado Pr. Marco Feliciano (PL-SP) disse que Wellington Macedo de Souza nem deveria estar depondo. Segundo ele, o depoente est\u00e1 preso por criticar o STF. \u201cE no nosso Pa\u00eds voc\u00ea pode criticar qualquer um: critica-se pastor, critica-se presidente da Rep\u00fablica, pode se criticar o presidente aqui da CPMI, pode se criticar qualquer deputado ou senador. Mas n\u00e3o se pode criticar nenhum membro da Suprema Corte do nosso Pa\u00eds, porque, infelizmente, eles s\u00e3o como se fossem uma casta superior, extremamente maior, exatamente porque h\u00e1, no nosso Pa\u00eds, um desequil\u00edbrio dos Poderes\u201d, avaliou.<\/p>\n<p>Mas o blogueiro recebeu cr\u00edticas tamb\u00e9m de parlamentares da oposi\u00e7\u00e3o. O senador Cleitinho (Republicanos-MG) chamou o depoente de \u201ccovarde que usava a direita\u201d e disse que um crist\u00e3o n\u00e3o tentaria matar pessoas na v\u00e9spera de Natal.<\/p>","protected":false},"excerpt":{"rendered":"<p>Geraldo Magela\/Ag\u00eancia Senado Wellington Macedo de Souza afirmou que s\u00f3 vai colaborar ap\u00f3s ter acesso aos autos do processo no STF O blogueiro Wellington Macedo de Souza optou por n\u00e3o responder a perguntas de deputados e senadores na Comiss\u00e3o Parlamentar Mista de Inqu\u00e9rito (CPMI) do 8 de Janeiro, mas acenou com a possibilidade de fazer [&hellip;]<\/p>\n","protected":false},"author":0,"featured_media":0,"comment_status":"open","ping_status":"open","sticky":false,"template":"","format":"standard","meta":{"footnotes":""},"categories":[1],"tags":[],"_links":{"self":[{"href":"https:\/\/jeffersonisac.adv.br\/index.php\/wp-json\/wp\/v2\/posts\/2611"}],"collection":[{"href":"https:\/\/jeffersonisac.adv.br\/index.php\/wp-json\/wp\/v2\/posts"}],"about":[{"href":"https:\/\/jeffersonisac.adv.br\/index.php\/wp-json\/wp\/v2\/types\/post"}],"replies":[{"embeddable":true,"href":"https:\/\/jeffersonisac.adv.br\/index.php\/wp-json\/wp\/v2\/comments?post=2611"}],"version-history":[{"count":0,"href":"https:\/\/jeffersonisac.adv.br\/index.php\/wp-json\/wp\/v2\/posts\/2611\/revisions"}],"wp:attachment":[{"href":"https:\/\/jeffersonisac.adv.br\/index.php\/wp-json\/wp\/v2\/media?parent=2611"}],"wp:term":[{"taxonomy":"category","embeddable":true,"href":"https:\/\/jeffersonisac.adv.br\/index.php\/wp-json\/wp\/v2\/categories?post=2611"},{"taxonomy":"post_tag","embeddable":true,"href":"https:\/\/jeffersonisac.adv.br\/index.php\/wp-json\/wp\/v2\/tags?post=2611"}],"curies":[{"name":"wp","href":"https:\/\/api.w.org\/{rel}","templated":true}]}}