{"id":2618,"date":"2023-09-22T11:17:18","date_gmt":"2023-09-22T14:17:18","guid":{"rendered":"https:\/\/jeffersonisac.adv.br\/index.php\/2023\/09\/22\/comissao-aprova-estimulo-a-producao-de-madeira-certificada-em-lotes-da-reforma-agraria\/"},"modified":"2023-09-22T11:17:18","modified_gmt":"2023-09-22T14:17:18","slug":"comissao-aprova-estimulo-a-producao-de-madeira-certificada-em-lotes-da-reforma-agraria","status":"publish","type":"post","link":"https:\/\/jeffersonisac.adv.br\/index.php\/2023\/09\/22\/comissao-aprova-estimulo-a-producao-de-madeira-certificada-em-lotes-da-reforma-agraria\/","title":{"rendered":"Comiss\u00e3o aprova est\u00edmulo \u00e0 produ\u00e7\u00e3o de madeira certificada em lotes da reforma agr\u00e1ria"},"content":{"rendered":"<div class=\"image-container\">\n<div class=\"midia-creditos\"><em>Zeca Ribeiro \/ C\u00e2mara dos Deputados<\/em><\/div>\n<div class=\"media-wrapper\"><\/div>\n<div class=\"midia-legenda\">Medeiros: amplia as possibilidades de conquista do sustento pelos agricultores assentados<\/div>\n<\/div>\n<p>A Comiss\u00e3o de Agricultura, Pecu\u00e1ria, Abastecimento e Desenvolvimento Rural aprovou o <a class=\"linkProposicao\" href=\"https:\/\/www.camara.leg.br\/noticias\/721756-proposta-incentiva-producao-de-madeira-certificada-em-assentamentos\">Projeto de Lei 4387\/20<\/a>, que permite o uso de at\u00e9 50% da \u00e1rea dos lotes individualizados de assentamentos da reforma agr\u00e1ria como \u00e1reas de reflorestamento, para produ\u00e7\u00e3o de madeira certificada e sustent\u00e1vel.<\/p>\n<p>O projeto foi apresentado pelo ex-deputado Christino \u00c1ureo (RJ) e inclui a medida na <a href=\"https:\/\/www2.camara.leg.br\/legin\/fed\/lei\/1993\/lei-8629-25-fevereiro-1993-363222-norma-pl.html\">Lei da Reforma Agr\u00e1ria<\/a>. O parecer do relator, deputado Jos\u00e9 Medeiros (PL-MT), recomendou a aprova\u00e7\u00e3o, com uma <span class=\"termoGlossario\">emenda<\/span> que desobriga os assentados de fazer o plano de manejo da \u00e1rea reflorestada para produ\u00e7\u00e3o de madeira.<\/p>\n<p><strong>Manejo<br \/>\n<\/strong>Segundo Medeiros, o <a href=\"https:\/\/www2.camara.leg.br\/legin\/fed\/lei\/2012\/lei-12651-25-maio-2012-613076-norma-pl.html\">C\u00f3digo Florestal<\/a> n\u00e3o exige o plano de manejo na explora\u00e7\u00e3o de florestas plantadas. \u201cN\u00e3o se faz manejo para retirar aquilo que se plantou para fins de produ\u00e7\u00e3o\u201d, disse.<\/p>\n<p>O relator afirmou que o projeto\u00a0\u201camplia as possibilidades de conquista do sustento e da dignidade pelos agricultores assentados\u201d.<\/p>\n<p>A proposta ainda ser\u00e1 analisada, em <span class=\"termoGlossario\">car\u00e1ter conclusivo<\/span>, pelas comiss\u00f5es de Finan\u00e7as e Tributa\u00e7\u00e3o; e de Constitui\u00e7\u00e3o e Justi\u00e7a e de Cidadania.<\/p>\n<p><strong>Regras<br \/>\n<\/strong>O projeto prev\u00ea que a produ\u00e7\u00e3o florestal madeireira de cada lote individualizado ser\u00e1 administrada pelos produtores assentados com supervis\u00e3o de \u00f3rg\u00e3os federais envolvidos e parcerias com a iniciativa privada. A atividade dever\u00e1 seguir as regras da pol\u00edtica ambiental.<\/p>\n<p>O plano de desenvolvimento sustent\u00e1vel do assentamento de reforma agr\u00e1ria definir\u00e1 os crit\u00e9rios t\u00e9cnicos de implanta\u00e7\u00e3o das unidades produtivas, a assist\u00eancia t\u00e9cnica de produ\u00e7\u00e3o e a comercializa\u00e7\u00e3o da madeira produzida.<\/p>\n<p>As atividades ser\u00e3o financiadas por linhas de cr\u00e9dito oficial, como o Programa Nacional de Agricultura Familiar (<span class=\"termoGlossario\">Pronaf<\/span>).<\/p>\n<p><a href=\"https:\/\/www.camara.leg.br\/noticias\/573454-SAIBA-MAIS-SOBRE-A-TRAMITACAO-DE-PROJETOS-DE-LEI\">Saiba mais sobre a tramita\u00e7\u00e3o de projetos de lei<\/a><\/p>","protected":false},"excerpt":{"rendered":"<p>Zeca Ribeiro \/ C\u00e2mara dos Deputados Medeiros: amplia as possibilidades de conquista do sustento pelos agricultores assentados A Comiss\u00e3o de Agricultura, Pecu\u00e1ria, Abastecimento e Desenvolvimento Rural aprovou o Projeto de Lei 4387\/20, que permite o uso de at\u00e9 50% da \u00e1rea dos lotes individualizados de assentamentos da reforma agr\u00e1ria como \u00e1reas de reflorestamento, para produ\u00e7\u00e3o [&hellip;]<\/p>\n","protected":false},"author":0,"featured_media":0,"comment_status":"open","ping_status":"open","sticky":false,"template":"","format":"standard","meta":{"footnotes":""},"categories":[1],"tags":[],"_links":{"self":[{"href":"https:\/\/jeffersonisac.adv.br\/index.php\/wp-json\/wp\/v2\/posts\/2618"}],"collection":[{"href":"https:\/\/jeffersonisac.adv.br\/index.php\/wp-json\/wp\/v2\/posts"}],"about":[{"href":"https:\/\/jeffersonisac.adv.br\/index.php\/wp-json\/wp\/v2\/types\/post"}],"replies":[{"embeddable":true,"href":"https:\/\/jeffersonisac.adv.br\/index.php\/wp-json\/wp\/v2\/comments?post=2618"}],"version-history":[{"count":0,"href":"https:\/\/jeffersonisac.adv.br\/index.php\/wp-json\/wp\/v2\/posts\/2618\/revisions"}],"wp:attachment":[{"href":"https:\/\/jeffersonisac.adv.br\/index.php\/wp-json\/wp\/v2\/media?parent=2618"}],"wp:term":[{"taxonomy":"category","embeddable":true,"href":"https:\/\/jeffersonisac.adv.br\/index.php\/wp-json\/wp\/v2\/categories?post=2618"},{"taxonomy":"post_tag","embeddable":true,"href":"https:\/\/jeffersonisac.adv.br\/index.php\/wp-json\/wp\/v2\/tags?post=2618"}],"curies":[{"name":"wp","href":"https:\/\/api.w.org\/{rel}","templated":true}]}}