{"id":2626,"date":"2023-09-22T12:43:50","date_gmt":"2023-09-22T15:43:50","guid":{"rendered":"https:\/\/jeffersonisac.adv.br\/index.php\/2023\/09\/22\/comissao-aprova-projeto-que-preve-maior-apoio-do-estado-a-agricultura-familiar\/"},"modified":"2023-09-22T12:43:50","modified_gmt":"2023-09-22T15:43:50","slug":"comissao-aprova-projeto-que-preve-maior-apoio-do-estado-a-agricultura-familiar","status":"publish","type":"post","link":"https:\/\/jeffersonisac.adv.br\/index.php\/2023\/09\/22\/comissao-aprova-projeto-que-preve-maior-apoio-do-estado-a-agricultura-familiar\/","title":{"rendered":"Comiss\u00e3o aprova projeto que prev\u00ea maior apoio do Estado \u00e0 agricultura familiar"},"content":{"rendered":"<div class=\"image-container\">\n<div class=\"midia-creditos\"><em>Vinicius Loures\/C\u00e2mara dos Deputados<\/em><\/div>\n<div class=\"media-wrapper\"><\/div>\n<div class=\"midia-legenda\">O relator, deputado Heitor Schuch, recomendou a aprova\u00e7\u00e3o do projeto<\/div>\n<\/div>\n<p>A Comiss\u00e3o de Agricultura da C\u00e2mara dos Deputados aprovou o <a class=\"linkProposicao\" href=\"https:\/\/www.camara.leg.br\/noticias\/859928-projeto-oferece-assistencia-material-a-agricultores-familiares\">Projeto de Lei 426\/22<\/a>, que inclui assist\u00eancia material aos agricultores familiares por parte do Estado. O projeto define assist\u00eancia material como &#8220;o apoio consistente em<br \/>\ndoa\u00e7\u00e3o ou empr\u00e9stimo de insumos e equipamentos&#8221;.<\/p>\n<p>O texto aprovado ainda prev\u00ea que a Pol\u00edtica Nacional da Agricultura Familiar e<br \/>\nEmpreendimentos Familiares Rurais ter\u00e1 uma linha espec\u00edfica voltada \u00e0<br \/>\nrecupera\u00e7\u00e3o de solos e de pastagens em propriedades familiares, tamb\u00e9m com apoio do Estado.<\/p>\n<p>O relator, deputado Heitor Schuch (PSB-RS), recomendou a aprova\u00e7\u00e3o da proposta. \u201cA medida reconhece a import\u00e2ncia dos agricultores familiares para a diversidade nutricional e seguran\u00e7a alimentar da popula\u00e7\u00e3o&#8221;, disse. Al\u00e9m disso, continua Schuch, a proposta tamb\u00e9m ajuda a enfrentar os desafios do \u00eaxodo rural e do envelhecimento no campo.<\/p>\n<p>\u201c\u00c9 imprescind\u00edvel estabelecer medidas que auxiliem a agricultura familiar, para que a popula\u00e7\u00e3o rural tenha condi\u00e7\u00f5es de permanecer na atividade e todos n\u00f3s tenhamos acesso aos alimentos\u201d, afirmou o autor da proposta, deputado Marreca Filho (Patriota-MA).<\/p>\n<p><strong>Tramita\u00e7\u00e3o<\/strong><br \/>\nO projeto tramita em <span class=\"termoGlossario\">car\u00e1ter conclusivo<\/span> e ainda ser\u00e1 analisado pela Comiss\u00e3o de Constitui\u00e7\u00e3o e Justi\u00e7a e de Cidadania.<\/p>\n<p><a href=\"https:\/\/www.camara.leg.br\/noticias\/573454-SAIBA-MAIS-SOBRE-A-TRAMITACAO-DE-PROJETOS-DE-LEI\">Saiba mais sobre a tramita\u00e7\u00e3o de projetos de lei<\/a><\/p>","protected":false},"excerpt":{"rendered":"<p>Vinicius Loures\/C\u00e2mara dos Deputados O relator, deputado Heitor Schuch, recomendou a aprova\u00e7\u00e3o do projeto A Comiss\u00e3o de Agricultura da C\u00e2mara dos Deputados aprovou o Projeto de Lei 426\/22, que inclui assist\u00eancia material aos agricultores familiares por parte do Estado. O projeto define assist\u00eancia material como &#8220;o apoio consistente em doa\u00e7\u00e3o ou empr\u00e9stimo de insumos e [&hellip;]<\/p>\n","protected":false},"author":0,"featured_media":0,"comment_status":"open","ping_status":"open","sticky":false,"template":"","format":"standard","meta":{"footnotes":""},"categories":[1],"tags":[],"_links":{"self":[{"href":"https:\/\/jeffersonisac.adv.br\/index.php\/wp-json\/wp\/v2\/posts\/2626"}],"collection":[{"href":"https:\/\/jeffersonisac.adv.br\/index.php\/wp-json\/wp\/v2\/posts"}],"about":[{"href":"https:\/\/jeffersonisac.adv.br\/index.php\/wp-json\/wp\/v2\/types\/post"}],"replies":[{"embeddable":true,"href":"https:\/\/jeffersonisac.adv.br\/index.php\/wp-json\/wp\/v2\/comments?post=2626"}],"version-history":[{"count":0,"href":"https:\/\/jeffersonisac.adv.br\/index.php\/wp-json\/wp\/v2\/posts\/2626\/revisions"}],"wp:attachment":[{"href":"https:\/\/jeffersonisac.adv.br\/index.php\/wp-json\/wp\/v2\/media?parent=2626"}],"wp:term":[{"taxonomy":"category","embeddable":true,"href":"https:\/\/jeffersonisac.adv.br\/index.php\/wp-json\/wp\/v2\/categories?post=2626"},{"taxonomy":"post_tag","embeddable":true,"href":"https:\/\/jeffersonisac.adv.br\/index.php\/wp-json\/wp\/v2\/tags?post=2626"}],"curies":[{"name":"wp","href":"https:\/\/api.w.org\/{rel}","templated":true}]}}