{"id":2629,"date":"2023-09-22T16:29:48","date_gmt":"2023-09-22T19:29:48","guid":{"rendered":"https:\/\/jeffersonisac.adv.br\/index.php\/2023\/09\/22\/comissao-aprova-projeto-que-isenta-pessoa-com-deficiencia-de-ipi-na-compra-de-trator\/"},"modified":"2023-09-22T16:29:48","modified_gmt":"2023-09-22T19:29:48","slug":"comissao-aprova-projeto-que-isenta-pessoa-com-deficiencia-de-ipi-na-compra-de-trator","status":"publish","type":"post","link":"https:\/\/jeffersonisac.adv.br\/index.php\/2023\/09\/22\/comissao-aprova-projeto-que-isenta-pessoa-com-deficiencia-de-ipi-na-compra-de-trator\/","title":{"rendered":"Comiss\u00e3o aprova projeto que isenta pessoa com defici\u00eancia de IPI na compra de trator"},"content":{"rendered":"<div class=\"image-container\">\n<div class=\"midia-creditos\"><em>Zeca Ribeiro \/ C\u00e2mara dos Deputados<\/em><\/div>\n<div class=\"media-wrapper\"><\/div>\n<div class=\"midia-legenda\">Gabriel Mota recomendou a aprova\u00e7\u00e3o da proposta<\/div>\n<\/div>\n<p>A Comiss\u00e3o de Agricultura da C\u00e2mara do Deputados aprovou o <a class=\"linkProposicao\" href=\"https:\/\/www.camara.leg.br\/noticias\/845852-projeto-isenta-de-ipi-trator-adquirido-por-pessoa-com-deficiencia\">Projeto de Lei 3231\/21<\/a> que isenta do <span class=\"termoGlossario\">Imposto sobre Produtos Industrializados<\/span> (IPI) m\u00e1quinas, tratores e equipamentos agr\u00edcolas, fabricados no Brasil ou em outros pa\u00edses do Mercosul, quando comprados por pessoas com defici\u00eancia ou seu representante legal.<\/p>\n<p>A isen\u00e7\u00e3o poder\u00e1 ser utilizada uma vez a cada tr\u00eas anos e ficar\u00e1 condicionada a comprova\u00e7\u00e3o, pela Receita Federal do Brasil, de que o comprador preenche os requisitos quanto \u00e0 defici\u00eancia. A venda do bem antes de tr\u00eas anos exige o pagamento pr\u00e9vio do tributo.<\/p>\n<p>Relator da mat\u00e9ria, o deputado Gabriel Mota (Republicanos-RR) recomendou a aprova\u00e7\u00e3o da medida com emendas de reda\u00e7\u00e3o que substituem o termo \u2018ve\u00edculo\u2019, por \u2018m\u00e1quina, equipamento e trator\u2019. A proposta foi apresentada pelo ex-deputado \u00canio Verri (PR).<\/p>\n<p><strong>Tramita\u00e7\u00e3o<\/strong><br \/>\nO projeto ser\u00e1 ainda analisado, em <span class=\"termoGlossario\">car\u00e1ter conclusivo<\/span>, pelas comiss\u00f5es de Defesa dos Direitos das Pessoas com Defici\u00eancia; de Finan\u00e7as e Tributa\u00e7\u00e3o; e de Constitui\u00e7\u00e3o e Justi\u00e7a e de Cidadania.<\/p>\n<p><a href=\"https:\/\/www.camara.leg.br\/noticias\/573454-SAIBA-MAIS-SOBRE-A-TRAMITACAO-DE-PROJETOS-DE-LEI\">Saiba mais sobre a tramita\u00e7\u00e3o de projetos de lei<\/a><\/p>","protected":false},"excerpt":{"rendered":"<p>Zeca Ribeiro \/ C\u00e2mara dos Deputados Gabriel Mota recomendou a aprova\u00e7\u00e3o da proposta A Comiss\u00e3o de Agricultura da C\u00e2mara do Deputados aprovou o Projeto de Lei 3231\/21 que isenta do Imposto sobre Produtos Industrializados (IPI) m\u00e1quinas, tratores e equipamentos agr\u00edcolas, fabricados no Brasil ou em outros pa\u00edses do Mercosul, quando comprados por pessoas com defici\u00eancia [&hellip;]<\/p>\n","protected":false},"author":0,"featured_media":0,"comment_status":"open","ping_status":"open","sticky":false,"template":"","format":"standard","meta":{"footnotes":""},"categories":[1],"tags":[],"_links":{"self":[{"href":"https:\/\/jeffersonisac.adv.br\/index.php\/wp-json\/wp\/v2\/posts\/2629"}],"collection":[{"href":"https:\/\/jeffersonisac.adv.br\/index.php\/wp-json\/wp\/v2\/posts"}],"about":[{"href":"https:\/\/jeffersonisac.adv.br\/index.php\/wp-json\/wp\/v2\/types\/post"}],"replies":[{"embeddable":true,"href":"https:\/\/jeffersonisac.adv.br\/index.php\/wp-json\/wp\/v2\/comments?post=2629"}],"version-history":[{"count":0,"href":"https:\/\/jeffersonisac.adv.br\/index.php\/wp-json\/wp\/v2\/posts\/2629\/revisions"}],"wp:attachment":[{"href":"https:\/\/jeffersonisac.adv.br\/index.php\/wp-json\/wp\/v2\/media?parent=2629"}],"wp:term":[{"taxonomy":"category","embeddable":true,"href":"https:\/\/jeffersonisac.adv.br\/index.php\/wp-json\/wp\/v2\/categories?post=2629"},{"taxonomy":"post_tag","embeddable":true,"href":"https:\/\/jeffersonisac.adv.br\/index.php\/wp-json\/wp\/v2\/tags?post=2629"}],"curies":[{"name":"wp","href":"https:\/\/api.w.org\/{rel}","templated":true}]}}