{"id":2635,"date":"2023-09-25T08:12:07","date_gmt":"2023-09-25T11:12:07","guid":{"rendered":"https:\/\/jeffersonisac.adv.br\/index.php\/2023\/09\/25\/comissoes-da-camara-vao-debater-combate-a-gordofobia\/"},"modified":"2023-09-25T08:12:07","modified_gmt":"2023-09-25T11:12:07","slug":"comissoes-da-camara-vao-debater-combate-a-gordofobia","status":"publish","type":"post","link":"https:\/\/jeffersonisac.adv.br\/index.php\/2023\/09\/25\/comissoes-da-camara-vao-debater-combate-a-gordofobia\/","title":{"rendered":"Comiss\u00f5es da C\u00e2mara v\u00e3o debater combate \u00e0 gordofobia"},"content":{"rendered":"<div class=\"image-container\">\n<div class=\"midia-creditos\"><em>Depositphotos<\/em><\/div>\n<div class=\"media-wrapper\"><\/div>\n<div class=\"midia-legenda\">Audi\u00eancia vai debater possibilidade de lei de combate \u00e0 gordofobia<\/div>\n<\/div>\n<p>As comiss\u00f5es de Sa\u00fade e de Direitos Humanos da C\u00e2mara dos Deputados v\u00e3o realizar audi\u00eancia p\u00fablica conjunta na quinta-feira (28) sobre a\u00e7\u00f5es de combate \u00e0 gordofobia.\u00a0A ministra da Sa\u00fade, N\u00edsia Trindade, est\u00e1 entre os <a href=\"https:\/\/www.camara.leg.br\/evento-legislativo\/70154\">convidados<\/a> da reuni\u00e3o, que foi marcada para as 13h30no plen\u00e1rio 9.<\/p>\n<p>Os requerimentos para a realiza\u00e7\u00e3o da audi\u00eancia foram apresentados pela deputada Benedita da Silva (PT-RJ) e pelo deputado Dr. Zacharias Calil (Uni\u00e3o-GO). A ideia \u00e9 discutir a elabora\u00e7\u00e3o de uma proposta de lei para combate da gordofobia ou at\u00e9 mesmo a cria\u00e7\u00e3o do Estatuto da Pessoa com Obesidade.<\/p>\n<p>Os deputados citam uma pesquisa sobre obesidade e gordofobia elaborada, em 2022, pela Associa\u00e7\u00e3o Brasileira para o Estudo da Obesidade e da S\u00edndrome Metab\u00f3lica e pela Sociedade Brasileira de Metabologia e Endocrinologia.<\/p>\n<p>Segundo o levantamento:<\/p>\n<p>85,3% dos participantes relataram ter sofrido algum tipo de constrangimento por causa do peso;<br \/>\n67,9% dos indiv\u00edduos com sobrepeso relataram terem sofrido constrangimento devido ao seu quadro;<br \/>\npara quem tem obesidade grau 1, esse n\u00famero saltou para 89,6%; e<br \/>\npara quem tem grau 2, o valor \u00e9 96,3%.<\/p>\n<p>Por isso, os parlamentares, afirmam que \u00e9 necess\u00e1rio discutir medidas de combate \u00e0 gordofobia e garantia de dignidade \u00e0 pessoa com obesidade nas diversas esferas que comp\u00f5e uma vida plena, igualit\u00e1ria e de direito de qualquer cidad\u00e3o.<\/p>\n<p>\u00a0<\/p>\n<div><\/div>\n<p>\u00a0<\/p>","protected":false},"excerpt":{"rendered":"<p>Depositphotos Audi\u00eancia vai debater possibilidade de lei de combate \u00e0 gordofobia As comiss\u00f5es de Sa\u00fade e de Direitos Humanos da C\u00e2mara dos Deputados v\u00e3o realizar audi\u00eancia p\u00fablica conjunta na quinta-feira (28) sobre a\u00e7\u00f5es de combate \u00e0 gordofobia.\u00a0A ministra da Sa\u00fade, N\u00edsia Trindade, est\u00e1 entre os convidados da reuni\u00e3o, que foi marcada para as 13h30no plen\u00e1rio [&hellip;]<\/p>\n","protected":false},"author":0,"featured_media":0,"comment_status":"open","ping_status":"open","sticky":false,"template":"","format":"standard","meta":{"footnotes":""},"categories":[1],"tags":[],"_links":{"self":[{"href":"https:\/\/jeffersonisac.adv.br\/index.php\/wp-json\/wp\/v2\/posts\/2635"}],"collection":[{"href":"https:\/\/jeffersonisac.adv.br\/index.php\/wp-json\/wp\/v2\/posts"}],"about":[{"href":"https:\/\/jeffersonisac.adv.br\/index.php\/wp-json\/wp\/v2\/types\/post"}],"replies":[{"embeddable":true,"href":"https:\/\/jeffersonisac.adv.br\/index.php\/wp-json\/wp\/v2\/comments?post=2635"}],"version-history":[{"count":0,"href":"https:\/\/jeffersonisac.adv.br\/index.php\/wp-json\/wp\/v2\/posts\/2635\/revisions"}],"wp:attachment":[{"href":"https:\/\/jeffersonisac.adv.br\/index.php\/wp-json\/wp\/v2\/media?parent=2635"}],"wp:term":[{"taxonomy":"category","embeddable":true,"href":"https:\/\/jeffersonisac.adv.br\/index.php\/wp-json\/wp\/v2\/categories?post=2635"},{"taxonomy":"post_tag","embeddable":true,"href":"https:\/\/jeffersonisac.adv.br\/index.php\/wp-json\/wp\/v2\/tags?post=2635"}],"curies":[{"name":"wp","href":"https:\/\/api.w.org\/{rel}","templated":true}]}}