{"id":2700,"date":"2023-09-26T14:49:57","date_gmt":"2023-09-26T17:49:57","guid":{"rendered":"https:\/\/jeffersonisac.adv.br\/index.php\/2023\/09\/26\/cpi-do-mst-cancela-reuniao-desta-terca-feira\/"},"modified":"2023-09-26T14:49:57","modified_gmt":"2023-09-26T17:49:57","slug":"cpi-do-mst-cancela-reuniao-desta-terca-feira","status":"publish","type":"post","link":"https:\/\/jeffersonisac.adv.br\/index.php\/2023\/09\/26\/cpi-do-mst-cancela-reuniao-desta-terca-feira\/","title":{"rendered":"CPI do MST cancela reuni\u00e3o desta ter\u00e7a-feira"},"content":{"rendered":"<div class=\"image-container\">\n<div class=\"midia-creditos\"><em>Vinicius Loures\/C\u00e2mara dos Deputados<\/em><\/div>\n<div class=\"media-wrapper\"><\/div>\n<div class=\"midia-legenda\">Reuni\u00e3o da CPI do MST para leitura do relat\u00f3rio final<\/div>\n<\/div>\n<p>A Comiss\u00e3o Parlamentar de Inqu\u00e9rito (<span class=\"termoGlossario\">CPI<\/span>) do Movimento dos Trabalhadores sem Terra (MST) cancelou a reuni\u00e3o marcada para esta ter\u00e7a-feira (26), para discutir e votar o parecer do relator, deputado Ricardo Salles (PL-SP).<\/p>\n<p>Um pedido de prorroga\u00e7\u00e3o at\u00e9 a pr\u00f3xima quinta-feira (28) foi encaminhado ao presidente da C\u00e2mara, Arthur Lira. O adiamento de dois dias \u00e9 necess\u00e1rio para que se cumpra o prazo regimental de duas sess\u00f5es em virtude do <span class=\"termoGlossario\">pedido de vista<\/span> ao relat\u00f3rio final.<\/p>\n<p><a href=\"https:\/\/www.camara.leg.br\/noticias\/1000344-RELATOR-DA-CPI-DO-MST-PEDE-O-INDICIAMENTO-DE-11-PESSOAS\">O texto foi lido na semana passada.<\/a>\u00a0Em seu relat\u00f3rio, Salles pede o indiciamento de 11 pessoas.<\/p>\n<p><strong>Indiciamentos<\/strong><br \/>\nOs pedidos de indiciamento incluem assessores do deputado Valmir Assun\u00e7\u00e3o (PT-BA), acusados de participar de diversos crimes no sul da Bahia, e o general Marco Edson Gon\u00e7alves Dias. Conhecido como G.Dias, o ex-ministro-chefe do Gabinete de Seguran\u00e7a Institucional (GSI) \u00e9 acusado de ter mentido \u00e0 CPI.<\/p>\n<p>Ricardo Salles tamb\u00e9m elencou 25 iniciativas hoje na C\u00e2mara dos Deputados que, para ele, podem trazer seguran\u00e7a jur\u00eddica e previsibilidade ao campo. O relator defendeu o apoio aos assentamentos existentes, desde que sejam consideradas a efici\u00eancia, a meritocracia e a produtividade.<\/p>\n<p>Deputados de oposi\u00e7\u00e3o criticaram o texto, alegando que n\u00e3o h\u00e1 provas robustas para justificar os pedidos de indiciamento.<\/p>\n<p>A CPI foi <a href=\"https:\/\/www.camara.leg.br\/noticias\/962841-camara-instala-cpis-para-investigar-o-mst-possivel-fraude-na-americanas-e-manipulacao-no-futebol\/\">instalada em maio<\/a> para investigar invas\u00f5es do MST. O prazo de funcionamento do colegiado termina hoje, e n\u00e3o haver\u00e1 prorroga\u00e7\u00e3o.<\/p>\n<p><a href=\"https:\/\/www.camara.leg.br\/noticias\/956283-o-que-e-e-como-funciona-uma-comissao-parlamentar-de-inquerito\/\">Saiba como funciona uma CPI<\/a><\/p>","protected":false},"excerpt":{"rendered":"<p>Vinicius Loures\/C\u00e2mara dos Deputados Reuni\u00e3o da CPI do MST para leitura do relat\u00f3rio final A Comiss\u00e3o Parlamentar de Inqu\u00e9rito (CPI) do Movimento dos Trabalhadores sem Terra (MST) cancelou a reuni\u00e3o marcada para esta ter\u00e7a-feira (26), para discutir e votar o parecer do relator, deputado Ricardo Salles (PL-SP). Um pedido de prorroga\u00e7\u00e3o at\u00e9 a pr\u00f3xima quinta-feira [&hellip;]<\/p>\n","protected":false},"author":0,"featured_media":0,"comment_status":"open","ping_status":"open","sticky":false,"template":"","format":"standard","meta":{"footnotes":""},"categories":[1],"tags":[],"_links":{"self":[{"href":"https:\/\/jeffersonisac.adv.br\/index.php\/wp-json\/wp\/v2\/posts\/2700"}],"collection":[{"href":"https:\/\/jeffersonisac.adv.br\/index.php\/wp-json\/wp\/v2\/posts"}],"about":[{"href":"https:\/\/jeffersonisac.adv.br\/index.php\/wp-json\/wp\/v2\/types\/post"}],"replies":[{"embeddable":true,"href":"https:\/\/jeffersonisac.adv.br\/index.php\/wp-json\/wp\/v2\/comments?post=2700"}],"version-history":[{"count":0,"href":"https:\/\/jeffersonisac.adv.br\/index.php\/wp-json\/wp\/v2\/posts\/2700\/revisions"}],"wp:attachment":[{"href":"https:\/\/jeffersonisac.adv.br\/index.php\/wp-json\/wp\/v2\/media?parent=2700"}],"wp:term":[{"taxonomy":"category","embeddable":true,"href":"https:\/\/jeffersonisac.adv.br\/index.php\/wp-json\/wp\/v2\/categories?post=2700"},{"taxonomy":"post_tag","embeddable":true,"href":"https:\/\/jeffersonisac.adv.br\/index.php\/wp-json\/wp\/v2\/tags?post=2700"}],"curies":[{"name":"wp","href":"https:\/\/api.w.org\/{rel}","templated":true}]}}