{"id":2713,"date":"2023-09-27T07:18:17","date_gmt":"2023-09-27T10:18:17","guid":{"rendered":"https:\/\/jeffersonisac.adv.br\/index.php\/2023\/09\/27\/cancelada-audiencia-sobre-revalidacao-de-diplomas-de-imigrantes-e-refugiados\/"},"modified":"2023-09-27T07:18:17","modified_gmt":"2023-09-27T10:18:17","slug":"cancelada-audiencia-sobre-revalidacao-de-diplomas-de-imigrantes-e-refugiados","status":"publish","type":"post","link":"https:\/\/jeffersonisac.adv.br\/index.php\/2023\/09\/27\/cancelada-audiencia-sobre-revalidacao-de-diplomas-de-imigrantes-e-refugiados\/","title":{"rendered":"Cancelada audi\u00eancia sobre revalida\u00e7\u00e3o de diplomas de imigrantes e refugiados"},"content":{"rendered":"<div class=\"image-container\">\n<div class=\"midia-creditos\"><em>Depositphotos<\/em><\/div>\n<div class=\"media-wrapper\"><\/div>\n<div class=\"midia-legenda\">No Brasil, m\u00e9dicos formados no exterior precisam fazer o Revalida<\/div>\n<\/div>\n<p>A Comiss\u00e3o Mista Permanente sobre Migra\u00e7\u00f5es Internacionais e Refugiados<br \/>\ndo Congresso Nacional cancelou audi\u00eancia p\u00fablica marcada para esta quarta-feira (27) para discutir a revalida\u00e7\u00e3o de diplomas de ensino superior para migrantes e refugiados. O debate havia sido proposto pelo relator da comiss\u00e3o, deputado T\u00falio Gad\u00ealha (Rede-PE).<\/p>\n<p>M\u00e9dicos que se formaram no exterior e querem atuar no Brasil precisam fazer o Exame Nacional de Revalida\u00e7\u00e3o de Diplomas M\u00e9dicos (Revalida).<\/p>\n<p><strong>Projeto para simplificar<\/strong><br \/>\nO <a href=\"https:\/\/www.camara.leg.br\/noticias\/690720-revalidacao-de-diplomas-estrangeiros-podera-ter-processo-simplificado\">Projeto de Lei 2482\/20<\/a>, que est\u00e1 em an\u00e1lise na C\u00e2mara dos Deputados, busca simplificar a revalida\u00e7\u00e3o de diplomas estrangeiros de gradua\u00e7\u00e3o e p\u00f3s-gradua\u00e7\u00e3o em alguns casos.<\/p>\n<p>De acordo com o texto aprovado pelo Senado, o governo far\u00e1 uma rela\u00e7\u00e3o de institui\u00e7\u00f5es e cursos estrangeiros que ter\u00e3o processo de revalida\u00e7\u00e3o ou reconhecimento simplificados, com prazo de 30 e 60 dias, respectivamente. Quem n\u00e3o estiver lista ter\u00e1 o processo analisado em 90 dias.<\/p>\n<p><strong>Sugest\u00f5es<\/strong><br \/>\nA Ag\u00eancia da Organiza\u00e7\u00e3o das Na\u00e7\u00f5es Unidas para Refugiados afirma que a revalida\u00e7\u00e3o de diplomas de refugiados no Brasil \u00e9 complexa e sugere a padroniza\u00e7\u00e3o de regras e procedimentos.<\/p>\n<p>A Ag\u00eancia reconhece, no entanto, que existem boas pr\u00e1ticas j\u00e1 sendo aplicadas, entre elas a isen\u00e7\u00e3o de taxas e exig\u00eancias de tradu\u00e7\u00e3o.<\/p>","protected":false},"excerpt":{"rendered":"<p>Depositphotos No Brasil, m\u00e9dicos formados no exterior precisam fazer o Revalida A Comiss\u00e3o Mista Permanente sobre Migra\u00e7\u00f5es Internacionais e Refugiados do Congresso Nacional cancelou audi\u00eancia p\u00fablica marcada para esta quarta-feira (27) para discutir a revalida\u00e7\u00e3o de diplomas de ensino superior para migrantes e refugiados. O debate havia sido proposto pelo relator da comiss\u00e3o, deputado T\u00falio [&hellip;]<\/p>\n","protected":false},"author":0,"featured_media":0,"comment_status":"open","ping_status":"open","sticky":false,"template":"","format":"standard","meta":{"footnotes":""},"categories":[1],"tags":[],"_links":{"self":[{"href":"https:\/\/jeffersonisac.adv.br\/index.php\/wp-json\/wp\/v2\/posts\/2713"}],"collection":[{"href":"https:\/\/jeffersonisac.adv.br\/index.php\/wp-json\/wp\/v2\/posts"}],"about":[{"href":"https:\/\/jeffersonisac.adv.br\/index.php\/wp-json\/wp\/v2\/types\/post"}],"replies":[{"embeddable":true,"href":"https:\/\/jeffersonisac.adv.br\/index.php\/wp-json\/wp\/v2\/comments?post=2713"}],"version-history":[{"count":0,"href":"https:\/\/jeffersonisac.adv.br\/index.php\/wp-json\/wp\/v2\/posts\/2713\/revisions"}],"wp:attachment":[{"href":"https:\/\/jeffersonisac.adv.br\/index.php\/wp-json\/wp\/v2\/media?parent=2713"}],"wp:term":[{"taxonomy":"category","embeddable":true,"href":"https:\/\/jeffersonisac.adv.br\/index.php\/wp-json\/wp\/v2\/categories?post=2713"},{"taxonomy":"post_tag","embeddable":true,"href":"https:\/\/jeffersonisac.adv.br\/index.php\/wp-json\/wp\/v2\/tags?post=2713"}],"curies":[{"name":"wp","href":"https:\/\/api.w.org\/{rel}","templated":true}]}}