{"id":2721,"date":"2023-09-27T11:36:32","date_gmt":"2023-09-27T14:36:32","guid":{"rendered":"https:\/\/jeffersonisac.adv.br\/index.php\/2023\/09\/27\/pesquisadora-e-deputado-ressaltam-vantagens-economicas-de-preservar-florestas\/"},"modified":"2023-09-27T11:36:32","modified_gmt":"2023-09-27T14:36:32","slug":"pesquisadora-e-deputado-ressaltam-vantagens-economicas-de-preservar-florestas","status":"publish","type":"post","link":"https:\/\/jeffersonisac.adv.br\/index.php\/2023\/09\/27\/pesquisadora-e-deputado-ressaltam-vantagens-economicas-de-preservar-florestas\/","title":{"rendered":"Pesquisadora e deputado ressaltam vantagens econ\u00f4micas de preservar florestas"},"content":{"rendered":"<div class=\"video-container youtube youtube-100\">\n<div class=\"midia-creditos\"><em>YouTube<\/em><\/div>\n\n<div class=\"midia-legenda\"><\/div>\n<\/div>\n<p>\u00a0<\/p>\n<p>A coordenadora do grupo de pesquisa em direito ambiental e desenvolvimento sustent\u00e1vel do Centro Universit\u00e1rio de Bras\u00edlia, M\u00e1rcia Dieguez, criticou, em audi\u00eancia na C\u00e2mara dos Deputados, as estruturas econ\u00f4micas que veem o desmatamento como \u00fanica forma de lucro.<\/p>\n<p>\u201c\u00c9 muito triste que grande parte da popula\u00e7\u00e3o hoje do planeta entenda que, para ganhar dinheiro, \u00e9 necess\u00e1rio destruir. Na verdade, h\u00e1 muitas oportunidades para proteger e receber por isso [pela preserva\u00e7\u00e3o ambiental]\u201d, disse a pesquisadora.<\/p>\n<p>O debate sobre compensa\u00e7\u00f5es econ\u00f4micas para quem protege o meio ambiente foi realizado nesta ter\u00e7a-feira (26) pela <span class=\"termoGlossario\">Comiss\u00e3o de Legisla\u00e7\u00e3o Participativa<\/span> da C\u00e2mara. A audi\u00eancia foi pedida pelo presidente do colegiado, deputado Z\u00e9 Silva (Solidariedade-MG).<\/p>\n<p><strong>Patrim\u00f4nio Verde<\/strong><br \/>\nSilva \u00e9 autor do <a class=\"linkProposicao\" href=\"https:\/\/www.camara.leg.br\/noticias\/527166-projeto-transforma-areas-preservadas-em-bens-com-valor-de-mercado\">Projeto de Lei 7578\/17<\/a>, que cria o \u201cPatrim\u00f4nio Verde\u201d. A proposta permite compensar quem preserva o patrim\u00f4nio natural de sua propriedade e cria mecanismos para mensurar o valor da floresta nativa preservada.<\/p>\n<p>O deputado explicou que a ideia \u00e9 mostrar proteger as florestas \u00e9 mais vantajoso do ponto de vista sustent\u00e1vel e econ\u00f4mico.<\/p>\n<p>O projeto j\u00e1 foi aprovado na Comiss\u00e3o de Meio Ambiente e aguarda vota\u00e7\u00e3o na Comiss\u00e3o de Finan\u00e7as.<\/p>\n<p><a href=\"https:\/\/www.camara.leg.br\/noticias\/573454-SAIBA-MAIS-SOBRE-A-TRAMITACAO-DE-PROJETOS-DE-LEI\">Saiba mais sobre a tramita\u00e7\u00e3o de projetos de lei<\/a><\/p>\n<p><strong>Mercado de carbono<\/strong><br \/>\nJ\u00e1 a professora de Direito da Universidade Presbiteriana de S\u00e3o Paulo Solange Teles da Silva pediu transpar\u00eancia nas negocia\u00e7\u00f5es e estrutura\u00e7\u00e3o do mercado de carbono no Brasil.<\/p>\n<p>Em julho, o governo federal apresentou as linhas gerais da proposta de regulamenta\u00e7\u00e3o do mercado de carbono que espera ver aprovada no Congresso Nacional at\u00e9 a COP-30, a Confer\u00eancia da ONU sobre Mudan\u00e7as do Clima prevista para 2025, em Bel\u00e9m (PA).<\/p>\n<p><a href=\"https:\/\/www.camara.leg.br\/noticias\/979585-GOVERNO-CONCLUI-PROPOSTA-DE-REGULAMENTACAO-DO-MERCADO-DE-CARBONO-E-ESPERA-APROVACAO-ATE-A-COP-30\">Governo conclui proposta de regulamenta\u00e7\u00e3o do mercado de carbono<\/a><\/p>\n<p>O assunto tamb\u00e9m est\u00e1 em discuss\u00e3o na C\u00e2mara dos Deputados, onde o <a class=\"linkProposicao\" href=\"https:\/\/www.camara.leg.br\/noticias\/846038-proposta-preve-beneficio-fiscal-para-produto-elaborado-com-reducao-de-emissoes-de-carbono\">Projeto de Lei 2148\/15<\/a> tramita em <span class=\"termoGlossario\">regime de urg\u00eancia<\/span> com outras seis propostas <span class=\"termoGlossario\">apensadas<\/span>.<\/p>\n<p><a href=\"https:\/\/www.camara.leg.br\/noticias\/848104-PROJETO-QUE-REGULAMENTA-MERCADO-DE-CARBONO-ESTA-PRONTO-PARA-SER-VOTADO-NO-PLENARIO\">Projeto que regulamenta mercado de carbono est\u00e1 pronto para ser votado no Plen\u00e1rio<\/a><\/p>","protected":false},"excerpt":{"rendered":"<p>YouTube \u00a0 A coordenadora do grupo de pesquisa em direito ambiental e desenvolvimento sustent\u00e1vel do Centro Universit\u00e1rio de Bras\u00edlia, M\u00e1rcia Dieguez, criticou, em audi\u00eancia na C\u00e2mara dos Deputados, as estruturas econ\u00f4micas que veem o desmatamento como \u00fanica forma de lucro. \u201c\u00c9 muito triste que grande parte da popula\u00e7\u00e3o hoje do planeta entenda que, para ganhar [&hellip;]<\/p>\n","protected":false},"author":0,"featured_media":0,"comment_status":"open","ping_status":"open","sticky":false,"template":"","format":"standard","meta":{"footnotes":""},"categories":[1],"tags":[],"_links":{"self":[{"href":"https:\/\/jeffersonisac.adv.br\/index.php\/wp-json\/wp\/v2\/posts\/2721"}],"collection":[{"href":"https:\/\/jeffersonisac.adv.br\/index.php\/wp-json\/wp\/v2\/posts"}],"about":[{"href":"https:\/\/jeffersonisac.adv.br\/index.php\/wp-json\/wp\/v2\/types\/post"}],"replies":[{"embeddable":true,"href":"https:\/\/jeffersonisac.adv.br\/index.php\/wp-json\/wp\/v2\/comments?post=2721"}],"version-history":[{"count":0,"href":"https:\/\/jeffersonisac.adv.br\/index.php\/wp-json\/wp\/v2\/posts\/2721\/revisions"}],"wp:attachment":[{"href":"https:\/\/jeffersonisac.adv.br\/index.php\/wp-json\/wp\/v2\/media?parent=2721"}],"wp:term":[{"taxonomy":"category","embeddable":true,"href":"https:\/\/jeffersonisac.adv.br\/index.php\/wp-json\/wp\/v2\/categories?post=2721"},{"taxonomy":"post_tag","embeddable":true,"href":"https:\/\/jeffersonisac.adv.br\/index.php\/wp-json\/wp\/v2\/tags?post=2721"}],"curies":[{"name":"wp","href":"https:\/\/api.w.org\/{rel}","templated":true}]}}