{"id":2751,"date":"2023-09-28T12:38:29","date_gmt":"2023-09-28T15:38:29","guid":{"rendered":"https:\/\/jeffersonisac.adv.br\/index.php\/2023\/09\/28\/comissao-aprova-projeto-que-cria-cargos-em-comissao-na-defensoria-publica-da-uniao\/"},"modified":"2023-09-28T12:38:29","modified_gmt":"2023-09-28T15:38:29","slug":"comissao-aprova-projeto-que-cria-cargos-em-comissao-na-defensoria-publica-da-uniao","status":"publish","type":"post","link":"https:\/\/jeffersonisac.adv.br\/index.php\/2023\/09\/28\/comissao-aprova-projeto-que-cria-cargos-em-comissao-na-defensoria-publica-da-uniao\/","title":{"rendered":"Comiss\u00e3o aprova projeto que cria cargos em comiss\u00e3o na Defensoria P\u00fablica da Uni\u00e3o"},"content":{"rendered":"<div class=\"image-container\">\n<div class=\"midia-creditos\"><em>Zeca Ribeiro \/ C\u00e2mara dos Deputados<\/em><\/div>\n<div class=\"media-wrapper\"><\/div>\n<div class=\"midia-legenda\">Defensor St\u00e9lio Dener reduziu a estrutura a ser criada na DPU<\/div>\n<\/div>\n<p>A Comiss\u00e3o de Administra\u00e7\u00e3o e Servi\u00e7o P\u00fablico da C\u00e2mara dos Deputados aprovou projeto da Defensoria P\u00fablica da Uni\u00e3o (DPU) que cria 91 cargos em comiss\u00e3o no quadro de pessoal do \u00f3rg\u00e3o, com remunera\u00e7\u00e3o entre R$ 3.461,96 e R$ 14.607,74.<\/p>\n<p>O <a href=\"https:\/\/www.camara.leg.br\/noticias\/448033-projeto-cria-cargos-e-funcoes-na-defensoria-publica-da-uniao\/\">Projeto de Lei 7923\/14<\/a> \u00e9 da pr\u00f3pria DPU e ainda ser\u00e1 analisado, em <span class=\"termoGlossario\">car\u00e1ter conclusivo<\/span>, pelas comiss\u00f5es de Finan\u00e7as e Tributa\u00e7\u00e3o; e de Constitui\u00e7\u00e3o e Justi\u00e7a e de Cidadania (CCJ).<\/p>\n<p>O relator, deputado Defensor St\u00e9lio Dener (Republicanos-RR), afirmou que a cria\u00e7\u00e3o dos cargos est\u00e1 em conformidade com o or\u00e7amento da Defensoria para 2024.<\/p>\n<p><strong>Novo texto<br \/>\n<\/strong>St\u00e9lio Dener apresentou um novo texto reduzindo a estrutura a ser criada. A proposta original prev\u00ea 784 cargos em comiss\u00e3o e 362 fun\u00e7\u00f5es de confian\u00e7a.<\/p>\n<p>Segundo o relator, a redu\u00e7\u00e3o visa adequar a necessidade do \u00f3rg\u00e3o \u00e0s \u201cpossibilidades reais e legais que a DPU possui de prover os cargos j\u00e1 a partir do ano de 2024\u201d. Al\u00e9m disso, ele lembrou que no ano passado entrou em vigor uma lei que j\u00e1 criou cargos e fun\u00e7\u00f5es na DPU (<a class=\"linkLegislacao\" href=\"https:\/\/www2.camara.gov.br\/legin\/fed\/lei\/2022\/lei-14377-22-junho-2022-792861-norma-pl.html\">Lei 14.377\/22<\/a>).<\/p>\n<p>Dener destacou ainda a import\u00e2ncia dos cargos em comiss\u00e3o para o \u00f3rg\u00e3o. \u201cAl\u00e9m de refor\u00e7ar a estrutura administrativa atual, [os cargos] poder\u00e3o remunerar, estimular e fortalecer todo o sistema de prote\u00e7\u00e3o de direitos humanos existente na DPU\u201d, disse.<\/p>\n<p><a href=\"https:\/\/www.camara.leg.br\/noticias\/573454-SAIBA-MAIS-SOBRE-A-TRAMITACAO-DE-PROJETOS-DE-LEI\">Saiba mais sobre a tramita\u00e7\u00e3o de projetos de lei<\/a><\/p>","protected":false},"excerpt":{"rendered":"<p>Zeca Ribeiro \/ C\u00e2mara dos Deputados Defensor St\u00e9lio Dener reduziu a estrutura a ser criada na DPU A Comiss\u00e3o de Administra\u00e7\u00e3o e Servi\u00e7o P\u00fablico da C\u00e2mara dos Deputados aprovou projeto da Defensoria P\u00fablica da Uni\u00e3o (DPU) que cria 91 cargos em comiss\u00e3o no quadro de pessoal do \u00f3rg\u00e3o, com remunera\u00e7\u00e3o entre R$ 3.461,96 e R$ [&hellip;]<\/p>\n","protected":false},"author":0,"featured_media":0,"comment_status":"open","ping_status":"open","sticky":false,"template":"","format":"standard","meta":{"footnotes":""},"categories":[1],"tags":[],"_links":{"self":[{"href":"https:\/\/jeffersonisac.adv.br\/index.php\/wp-json\/wp\/v2\/posts\/2751"}],"collection":[{"href":"https:\/\/jeffersonisac.adv.br\/index.php\/wp-json\/wp\/v2\/posts"}],"about":[{"href":"https:\/\/jeffersonisac.adv.br\/index.php\/wp-json\/wp\/v2\/types\/post"}],"replies":[{"embeddable":true,"href":"https:\/\/jeffersonisac.adv.br\/index.php\/wp-json\/wp\/v2\/comments?post=2751"}],"version-history":[{"count":0,"href":"https:\/\/jeffersonisac.adv.br\/index.php\/wp-json\/wp\/v2\/posts\/2751\/revisions"}],"wp:attachment":[{"href":"https:\/\/jeffersonisac.adv.br\/index.php\/wp-json\/wp\/v2\/media?parent=2751"}],"wp:term":[{"taxonomy":"category","embeddable":true,"href":"https:\/\/jeffersonisac.adv.br\/index.php\/wp-json\/wp\/v2\/categories?post=2751"},{"taxonomy":"post_tag","embeddable":true,"href":"https:\/\/jeffersonisac.adv.br\/index.php\/wp-json\/wp\/v2\/tags?post=2751"}],"curies":[{"name":"wp","href":"https:\/\/api.w.org\/{rel}","templated":true}]}}