{"id":2755,"date":"2023-09-28T13:52:49","date_gmt":"2023-09-28T16:52:49","guid":{"rendered":"https:\/\/jeffersonisac.adv.br\/index.php\/2023\/09\/28\/comissao-aprova-projeto-que-muda-o-calculo-da-renda-familiar-valida-no-minha-casa-minha-vida\/"},"modified":"2023-09-28T13:52:49","modified_gmt":"2023-09-28T16:52:49","slug":"comissao-aprova-projeto-que-muda-o-calculo-da-renda-familiar-valida-no-minha-casa-minha-vida","status":"publish","type":"post","link":"https:\/\/jeffersonisac.adv.br\/index.php\/2023\/09\/28\/comissao-aprova-projeto-que-muda-o-calculo-da-renda-familiar-valida-no-minha-casa-minha-vida\/","title":{"rendered":"Comiss\u00e3o aprova projeto que muda o c\u00e1lculo da renda familiar v\u00e1lida no Minha Casa, Minha Vida"},"content":{"rendered":"<div class=\"image-container\">\n<div class=\"midia-creditos\"><em>Zeca Ribeiro \/ C\u00e2mara dos Deputados<\/em><\/div>\n<div class=\"media-wrapper\"><\/div>\n<div class=\"midia-legenda\">Favacho: muitas fam\u00edlias t\u00eam gastos demasiados com sa\u00fade e a renda fica comprometida<\/div>\n<\/div>\n<p>A Comiss\u00e3o de Desenvolvimento Urbano da C\u00e2mara dos Deputados aprovou projeto que permite ao Programa Minha Casa, Minha Vida excluir do c\u00e1lculo da renda familiar o aux\u00edlio por incapacidade tempor\u00e1ria, a aposentadoria por incapacidade permanente e o Benef\u00edcio de Presta\u00e7\u00e3o Continuada (<span class=\"termoGlossario\">BPC<\/span>).<\/p>\n<p>O relator, deputado Ac\u00e1cio Favacho (MDB-AP), recomendou a aprova\u00e7\u00e3o do <a href=\"https:\/\/www.camara.leg.br\/noticias\/892928-COMISSAO-APROVA-PROPOSTA-QUE-MUDA-O-CALCULO-DA-RENDA-FAMILIAR-VALIDA-NO-MINHA-CASA,-MINHA-VIDA\">substitutivo da Comiss\u00e3o de Seguridade Social e Fam\u00edlia<\/a> para o <a class=\"linkProposicao\" href=\"https:\/\/www.camara.leg.br\/noticias\/766493-proposta-modifica-a-renda-familiar-valida-no-minha-casa-minha-vida\">Projeto de Lei 1631\/21<\/a>, da ex-deputada Tia Eron (BA). \u201cMuitas fam\u00edlias t\u00eam gastos demasiados com os cuidados de sa\u00fade, e a renda fica comprometida\u201d, avaliou o relator.<\/p>\n<p>O <span class=\"termoGlossario\">substitutivo<\/span> insere dispositivos na <a href=\"https:\/\/www2.camara.leg.br\/legin\/fed\/lei\/2009\/lei-11977-7-julho-2009-589206-norma-pl.html\">Lei do Programa Minha Casa, Minha Vida<\/a>. Atualmente, pela norma, os benefici\u00e1rios do programa habitacional em \u00e1reas urbanas precisam comprovar renda familiar mensal de, no m\u00e1ximo, R$ 6.500.<\/p>\n<p><strong>Tramita\u00e7\u00e3o<\/strong><br \/>\nO projeto tramita em <span class=\"termoGlossario\">car\u00e1ter conclusivo<\/span> e ainda ser\u00e1 analisado pela Comiss\u00e3o de Constitui\u00e7\u00e3o e Justi\u00e7a e de Cidadania.<\/p>\n<p><a href=\"https:\/\/www.camara.leg.br\/noticias\/573454-SAIBA-MAIS-SOBRE-A-TRAMITACAO-DE-PROJETOS-DE-LEI\">Saiba mais sobre a tramita\u00e7\u00e3o de projetos de lei<\/a><\/p>","protected":false},"excerpt":{"rendered":"<p>Zeca Ribeiro \/ C\u00e2mara dos Deputados Favacho: muitas fam\u00edlias t\u00eam gastos demasiados com sa\u00fade e a renda fica comprometida A Comiss\u00e3o de Desenvolvimento Urbano da C\u00e2mara dos Deputados aprovou projeto que permite ao Programa Minha Casa, Minha Vida excluir do c\u00e1lculo da renda familiar o aux\u00edlio por incapacidade tempor\u00e1ria, a aposentadoria por incapacidade permanente e [&hellip;]<\/p>\n","protected":false},"author":0,"featured_media":0,"comment_status":"open","ping_status":"open","sticky":false,"template":"","format":"standard","meta":{"footnotes":""},"categories":[1],"tags":[],"_links":{"self":[{"href":"https:\/\/jeffersonisac.adv.br\/index.php\/wp-json\/wp\/v2\/posts\/2755"}],"collection":[{"href":"https:\/\/jeffersonisac.adv.br\/index.php\/wp-json\/wp\/v2\/posts"}],"about":[{"href":"https:\/\/jeffersonisac.adv.br\/index.php\/wp-json\/wp\/v2\/types\/post"}],"replies":[{"embeddable":true,"href":"https:\/\/jeffersonisac.adv.br\/index.php\/wp-json\/wp\/v2\/comments?post=2755"}],"version-history":[{"count":0,"href":"https:\/\/jeffersonisac.adv.br\/index.php\/wp-json\/wp\/v2\/posts\/2755\/revisions"}],"wp:attachment":[{"href":"https:\/\/jeffersonisac.adv.br\/index.php\/wp-json\/wp\/v2\/media?parent=2755"}],"wp:term":[{"taxonomy":"category","embeddable":true,"href":"https:\/\/jeffersonisac.adv.br\/index.php\/wp-json\/wp\/v2\/categories?post=2755"},{"taxonomy":"post_tag","embeddable":true,"href":"https:\/\/jeffersonisac.adv.br\/index.php\/wp-json\/wp\/v2\/tags?post=2755"}],"curies":[{"name":"wp","href":"https:\/\/api.w.org\/{rel}","templated":true}]}}