{"id":2763,"date":"2023-09-28T18:03:21","date_gmt":"2023-09-28T21:03:21","guid":{"rendered":"https:\/\/jeffersonisac.adv.br\/index.php\/2023\/09\/28\/comissao-de-educacao-debate-inclusao-escolar-das-pessoas-com-deficiencia\/"},"modified":"2023-09-28T18:03:21","modified_gmt":"2023-09-28T21:03:21","slug":"comissao-de-educacao-debate-inclusao-escolar-das-pessoas-com-deficiencia","status":"publish","type":"post","link":"https:\/\/jeffersonisac.adv.br\/index.php\/2023\/09\/28\/comissao-de-educacao-debate-inclusao-escolar-das-pessoas-com-deficiencia\/","title":{"rendered":"Comiss\u00e3o de Educa\u00e7\u00e3o debate inclus\u00e3o escolar das pessoas com defici\u00eancia"},"content":{"rendered":"<div class=\"image-container\">\n<div class=\"midia-creditos\"><em>Depositphotos<\/em><\/div>\n<div class=\"media-wrapper\"><\/div>\n<div class=\"midia-legenda\">Faltam vagas nas escolas para alunos com defici\u00eancia<\/div>\n<\/div>\n<p>A Comiss\u00e3o de Educa\u00e7\u00e3o da C\u00e2mara dos Deputados promove audi\u00eancia p\u00fablica na segunda-feira (2) sobre a inclus\u00e3o escolar das pessoas com defici\u00eancia. A reuni\u00e3o ocorre \u00e0s 14 horas, no plen\u00e1rio 10.<\/p>\n<p>O pedido para realiza\u00e7\u00e3o do debate foi apresentado pelo deputado Glauber Braga (Psol-RJ). &#8220;A inclus\u00e3o de pessoas com defici\u00eancia na escola n\u00e3o pode ser pensada a partir de a\u00e7\u00f5es isoladas, mas precisa congregar a\u00e7\u00f5es com vistas \u00e0 aquisi\u00e7\u00e3o de produtos e tecnologias; a\u00e7\u00f5es voltadas \u00e0s atitudes sociais e para as pol\u00edticas de inclus\u00e3o de ingresso e perman\u00eancia&#8221;, destacou o deputado.<\/p>\n<p><a href=\"https:\/\/www.camara.leg.br\/evento-legislativo\/70201\">Confira os convidados para o debate<\/a><\/p>","protected":false},"excerpt":{"rendered":"<p>Depositphotos Faltam vagas nas escolas para alunos com defici\u00eancia A Comiss\u00e3o de Educa\u00e7\u00e3o da C\u00e2mara dos Deputados promove audi\u00eancia p\u00fablica na segunda-feira (2) sobre a inclus\u00e3o escolar das pessoas com defici\u00eancia. A reuni\u00e3o ocorre \u00e0s 14 horas, no plen\u00e1rio 10. O pedido para realiza\u00e7\u00e3o do debate foi apresentado pelo deputado Glauber Braga (Psol-RJ). &#8220;A inclus\u00e3o [&hellip;]<\/p>\n","protected":false},"author":0,"featured_media":0,"comment_status":"open","ping_status":"open","sticky":false,"template":"","format":"standard","meta":{"footnotes":""},"categories":[1],"tags":[],"_links":{"self":[{"href":"https:\/\/jeffersonisac.adv.br\/index.php\/wp-json\/wp\/v2\/posts\/2763"}],"collection":[{"href":"https:\/\/jeffersonisac.adv.br\/index.php\/wp-json\/wp\/v2\/posts"}],"about":[{"href":"https:\/\/jeffersonisac.adv.br\/index.php\/wp-json\/wp\/v2\/types\/post"}],"replies":[{"embeddable":true,"href":"https:\/\/jeffersonisac.adv.br\/index.php\/wp-json\/wp\/v2\/comments?post=2763"}],"version-history":[{"count":0,"href":"https:\/\/jeffersonisac.adv.br\/index.php\/wp-json\/wp\/v2\/posts\/2763\/revisions"}],"wp:attachment":[{"href":"https:\/\/jeffersonisac.adv.br\/index.php\/wp-json\/wp\/v2\/media?parent=2763"}],"wp:term":[{"taxonomy":"category","embeddable":true,"href":"https:\/\/jeffersonisac.adv.br\/index.php\/wp-json\/wp\/v2\/categories?post=2763"},{"taxonomy":"post_tag","embeddable":true,"href":"https:\/\/jeffersonisac.adv.br\/index.php\/wp-json\/wp\/v2\/tags?post=2763"}],"curies":[{"name":"wp","href":"https:\/\/api.w.org\/{rel}","templated":true}]}}