{"id":2777,"date":"2023-09-29T14:16:13","date_gmt":"2023-09-29T17:16:13","guid":{"rendered":"https:\/\/jeffersonisac.adv.br\/index.php\/2023\/09\/29\/comissao-de-combate-ao-cancer-faz-audiencia-sobre-a-campanha-o-outubro-rosa\/"},"modified":"2023-09-29T14:16:13","modified_gmt":"2023-09-29T17:16:13","slug":"comissao-de-combate-ao-cancer-faz-audiencia-sobre-a-campanha-o-outubro-rosa","status":"publish","type":"post","link":"https:\/\/jeffersonisac.adv.br\/index.php\/2023\/09\/29\/comissao-de-combate-ao-cancer-faz-audiencia-sobre-a-campanha-o-outubro-rosa\/","title":{"rendered":"Comiss\u00e3o de Combate ao C\u00e2ncer faz audi\u00eancia sobre a campanha o Outubro Rosa"},"content":{"rendered":"<div class=\"image-container\">\n<div class=\"midia-creditos\"><em>Getty Images<\/em><\/div>\n<div class=\"media-wrapper\"><\/div>\n<div class=\"midia-legenda\">O Inca estima que mais de 66 mil mulheres tiveram c\u00e2ncer de mama em 2022<\/div>\n<\/div>\n<p>A comiss\u00e3o especial da C\u00e2mara dos Deputados que acompanha as a\u00e7\u00f5es de combate ao c\u00e2ncer no Brasil promove audi\u00eancia p\u00fablica na ter\u00e7a-feira (3) sobre a campanha Outubro Rosa.<\/p>\n<p>O debate ser\u00e1 realizado no plen\u00e1rio 9, a partir das 14h30, a pedido da\u00a0relatora da comiss\u00e3o, deputada Silvia Cristina (PL-RO).<\/p>\n<p><a href=\"https:\/\/www.camara.leg.br\/evento-legislativo\/70258\">Veja quem foi convidado para discutir o assunto<\/a><\/p>\n<p>A campanha \u00e9 promovida todos os anos e busca conscientizar as mulheres e toda a sociedade sobre a import\u00e2ncia da preven\u00e7\u00e3o e do diagn\u00f3stico precoce do c\u00e2ncer de mama.<\/p>\n<p><strong>N\u00fameros da doen\u00e7a<\/strong><br \/>\nSegundo o Instituto Nacional do C\u00e2ncer (Inca), no Brasil, exclu\u00eddos os c\u00e2nceres relacionados a tumores de pele n\u00e3o melanoma, o c\u00e2ncer de mama \u00e9 o que mais atinge mulheres de todas as regi\u00f5es, com taxas mais altas nas regi\u00f5es Sul e Sudeste.<\/p>\n<p>O c\u00e2ncer de mama \u00e9 tamb\u00e9m o tipo que mais mata na popula\u00e7\u00e3o feminina em quase todas as regi\u00f5es do Brasil. A exce\u00e7\u00e3o \u00e9 a regi\u00e3o Norte, onde o c\u00e2ncer do colo do \u00fatero ocupa essa posi\u00e7\u00e3o.<\/p>\n<p>\u00a0<\/p>\n<div class=\"\"><\/div>\n<p>\u00a0<\/p>\n<p><strong>Outubro Rosa<\/strong><br \/>\nA campanha Outubro\u00a0Rosa\u00a0come\u00e7ou nos Estados Unidos, quando v\u00e1rios estados realizaram a\u00e7\u00f5es sobre o c\u00e2ncer de mama.<\/p>\n<p>J\u00e1 o la\u00e7o rosa, que depois virou s\u00edmbolo da campanha, foi distribu\u00eddo pela primeira vez pela <em>Funda\u00e7\u00e3o Susan G. Komen for the Cure<\/em> aos participantes de uma corrida, em Nova Iorque, na d\u00e9cada de 1990.<\/p>\n<p>No Brasil, o primeiro ato relacionado \u00e0 campanha aconteceu em 2002, na cidade de S\u00e3o Paulo, com a ilumina\u00e7\u00e3o do Obelisco do Ibirapuera, de rosa. De l\u00e1 para c\u00e1, virou tradi\u00e7\u00e3o iluminar monumentos de rosa no m\u00eas de outubro, em ades\u00e3o \u00e0 campanha.<\/p>\n<div class=\"image-container\">\n<div class=\"midia-creditos\"><em>Samuel de Souza\/C\u00e2mara dos Deputados<\/em><\/div>\n<div class=\"media-wrapper\"><\/div>\n<div class=\"midia-legenda\">A C\u00e2mara e o Senado costumam aderir \u00e0 campanha do Outubro Rosa<\/div>\n<\/div>","protected":false},"excerpt":{"rendered":"<p>Getty Images O Inca estima que mais de 66 mil mulheres tiveram c\u00e2ncer de mama em 2022 A comiss\u00e3o especial da C\u00e2mara dos Deputados que acompanha as a\u00e7\u00f5es de combate ao c\u00e2ncer no Brasil promove audi\u00eancia p\u00fablica na ter\u00e7a-feira (3) sobre a campanha Outubro Rosa. O debate ser\u00e1 realizado no plen\u00e1rio 9, a partir das [&hellip;]<\/p>\n","protected":false},"author":0,"featured_media":0,"comment_status":"open","ping_status":"open","sticky":false,"template":"","format":"standard","meta":{"footnotes":""},"categories":[1],"tags":[],"_links":{"self":[{"href":"https:\/\/jeffersonisac.adv.br\/index.php\/wp-json\/wp\/v2\/posts\/2777"}],"collection":[{"href":"https:\/\/jeffersonisac.adv.br\/index.php\/wp-json\/wp\/v2\/posts"}],"about":[{"href":"https:\/\/jeffersonisac.adv.br\/index.php\/wp-json\/wp\/v2\/types\/post"}],"replies":[{"embeddable":true,"href":"https:\/\/jeffersonisac.adv.br\/index.php\/wp-json\/wp\/v2\/comments?post=2777"}],"version-history":[{"count":0,"href":"https:\/\/jeffersonisac.adv.br\/index.php\/wp-json\/wp\/v2\/posts\/2777\/revisions"}],"wp:attachment":[{"href":"https:\/\/jeffersonisac.adv.br\/index.php\/wp-json\/wp\/v2\/media?parent=2777"}],"wp:term":[{"taxonomy":"category","embeddable":true,"href":"https:\/\/jeffersonisac.adv.br\/index.php\/wp-json\/wp\/v2\/categories?post=2777"},{"taxonomy":"post_tag","embeddable":true,"href":"https:\/\/jeffersonisac.adv.br\/index.php\/wp-json\/wp\/v2\/tags?post=2777"}],"curies":[{"name":"wp","href":"https:\/\/api.w.org\/{rel}","templated":true}]}}