{"id":2786,"date":"2023-10-02T09:55:26","date_gmt":"2023-10-02T12:55:26","guid":{"rendered":"https:\/\/jeffersonisac.adv.br\/index.php\/2023\/10\/02\/comissao-de-relacoes-exteriores-vai-debater-atuacao-ideologica-de-comissao-da-oea\/"},"modified":"2023-10-02T09:55:26","modified_gmt":"2023-10-02T12:55:26","slug":"comissao-de-relacoes-exteriores-vai-debater-atuacao-ideologica-de-comissao-da-oea","status":"publish","type":"post","link":"https:\/\/jeffersonisac.adv.br\/index.php\/2023\/10\/02\/comissao-de-relacoes-exteriores-vai-debater-atuacao-ideologica-de-comissao-da-oea\/","title":{"rendered":"Comiss\u00e3o de Rela\u00e7\u00f5es Exteriores vai debater &#8220;atua\u00e7\u00e3o ideol\u00f3gica&#8221; de comiss\u00e3o da OEA"},"content":{"rendered":"<div class=\"image-container\">\n<div class=\"midia-creditos\"><em>Elaine Menke\/C\u00e2mara dos Deputados<\/em><\/div>\n<div class=\"media-wrapper\"><\/div>\n<div class=\"midia-legenda\">Caroline de Toni \u00e9 a autora do requerimento para a realiza\u00e7\u00e3o da audi\u00eancia<\/div>\n<\/div>\n<p>A Comiss\u00e3o de Rela\u00e7\u00f5es Exteriores e de Defesa Nacional da C\u00e2mara dos Deputados vai promover uma audi\u00eancia p\u00fablica em 5 de outubro sobre o tema &#8220;Atua\u00e7\u00e3o ideol\u00f3gica na Comiss\u00e3o Interamericana de Direitos Humanos da Organiza\u00e7\u00e3o dos Estados Americanos (OEA)&#8221;.<\/p>\n<p><a href=\"https:\/\/www.camara.leg.br\/evento-legislativo\/69545\">Confira a pauta e a lista de convidados da reuni\u00e3o<\/a><\/p>\n<p>A audi\u00eancia est\u00e1 marcada para as 9h30 no plen\u00e1rio 5.<\/p>\n<p>A autora do requerimento para a realiza\u00e7\u00e3o do evento \u00e9 a deputada Caroline de Toni (PL-SC). Ela argumenta que reportagens produzidas pela Gazeta do Povo d\u00e3o conta que &#8220;os membros e staff da Comiss\u00e3o demonstram publicamente, no exerc\u00edcio de suas fun\u00e7\u00f5es, um forte engajamento com agendas pol\u00edtico-partid\u00e1rias alinhadas com corrente ideol\u00f3gica da esquerda&#8221;.<\/p>\n<p>Para ela, a &#8220;manipula\u00e7\u00e3o&#8221; de fun\u00e7\u00f5es e atribui\u00e7\u00f5es da comiss\u00e3o &#8220;em favor<br \/>\nde determinadas agendas pol\u00edticas pode configurar ainda viola\u00e7\u00e3o aos princ\u00edpios do direito internacional, como preval\u00eancia dos direitos humanos e a autodetermina\u00e7\u00e3o dos povos, os quais tamb\u00e9m devem ser zelados pelo Estado<br \/>\nbrasileiro&#8221;.<\/p>\n<p>\u00a0<\/p>","protected":false},"excerpt":{"rendered":"<p>Elaine Menke\/C\u00e2mara dos Deputados Caroline de Toni \u00e9 a autora do requerimento para a realiza\u00e7\u00e3o da audi\u00eancia A Comiss\u00e3o de Rela\u00e7\u00f5es Exteriores e de Defesa Nacional da C\u00e2mara dos Deputados vai promover uma audi\u00eancia p\u00fablica em 5 de outubro sobre o tema &#8220;Atua\u00e7\u00e3o ideol\u00f3gica na Comiss\u00e3o Interamericana de Direitos Humanos da Organiza\u00e7\u00e3o dos Estados Americanos [&hellip;]<\/p>\n","protected":false},"author":0,"featured_media":0,"comment_status":"open","ping_status":"open","sticky":false,"template":"","format":"standard","meta":{"footnotes":""},"categories":[1],"tags":[],"_links":{"self":[{"href":"https:\/\/jeffersonisac.adv.br\/index.php\/wp-json\/wp\/v2\/posts\/2786"}],"collection":[{"href":"https:\/\/jeffersonisac.adv.br\/index.php\/wp-json\/wp\/v2\/posts"}],"about":[{"href":"https:\/\/jeffersonisac.adv.br\/index.php\/wp-json\/wp\/v2\/types\/post"}],"replies":[{"embeddable":true,"href":"https:\/\/jeffersonisac.adv.br\/index.php\/wp-json\/wp\/v2\/comments?post=2786"}],"version-history":[{"count":0,"href":"https:\/\/jeffersonisac.adv.br\/index.php\/wp-json\/wp\/v2\/posts\/2786\/revisions"}],"wp:attachment":[{"href":"https:\/\/jeffersonisac.adv.br\/index.php\/wp-json\/wp\/v2\/media?parent=2786"}],"wp:term":[{"taxonomy":"category","embeddable":true,"href":"https:\/\/jeffersonisac.adv.br\/index.php\/wp-json\/wp\/v2\/categories?post=2786"},{"taxonomy":"post_tag","embeddable":true,"href":"https:\/\/jeffersonisac.adv.br\/index.php\/wp-json\/wp\/v2\/tags?post=2786"}],"curies":[{"name":"wp","href":"https:\/\/api.w.org\/{rel}","templated":true}]}}